{"id":167203,"date":"2025-11-27T15:41:30","date_gmt":"2025-11-27T15:41:30","guid":{"rendered":"https:\/\/www.europesays.com\/pt\/167203\/"},"modified":"2025-11-27T15:41:30","modified_gmt":"2025-11-27T15:41:30","slug":"incendio-que-matou-55-pessoas-em-habitacao-publica-leva-hong-kong-a-ponderar-adiar-eleicoes","status":"publish","type":"post","link":"https:\/\/www.europesays.com\/pt\/167203\/","title":{"rendered":"Inc\u00eandio que matou 55 pessoas em habita\u00e7\u00e3o p\u00fablica leva Hong Kong a ponderar adiar elei\u00e7\u00f5es"},"content":{"rendered":"<p>O n\u00famero de mortos no inc\u00eandio que atingiu um complexo de habita\u00e7\u00e3o p\u00fablica em obras no norte de Hong Kong subiu para 55, segundo a \u00faltima atualiza\u00e7\u00e3o dos bombeiros, citada pela <a href=\"\" target=\"_blank\" rel=\"noopener noreferrer\">BBC<\/a>. Cinquenta e uma pessoas morreram no local e outras quatro no hospital. Entre as v\u00edtimas est\u00e1 um bombeiro que participava nas opera\u00e7\u00f5es de socorro.<\/p>\n<p>As autoridades chegaram a registar 279 pessoas como desaparecidas, mas os bombeiros anunciaram entretanto que j\u00e1 contactaram algumas dessas pessoas, sem revelar quantas. No local, o fumo negro que se espalhara pela zona come\u00e7ou a diminuir, permitindo aos bombeiros utilizar escadas para aceder aos andares, embora as chamas continuem ativas sobretudo nos pisos mais elevados. Est\u00e3o mobilizados mais de 700 bombeiros, al\u00e9m de equipas de socorro e elementos da pol\u00edcia.<\/p>\n<p><strong>Deten\u00e7\u00f5es, inspe\u00e7\u00f5es e poss\u00edvel adiamento das elei\u00e7\u00f5es<\/strong><\/p>\n<p>A pol\u00edcia deteve tr\u00eas homens por suspeita de homic\u00eddio involunt\u00e1rio, na sequ\u00eancia da descoberta de materiais inflam\u00e1veis usados em trabalhos de manuten\u00e7\u00e3o que ter\u00e3o acelerado a propaga\u00e7\u00e3o do fogo pelos andaimes. O complexo, composto por oito edif\u00edcios de 31 andares, estava a ser alvo de obras na fachada.<\/p>\n<p>O Governo de Hong Kong ordenou a inspe\u00e7\u00e3o imediata de todos os complexos imobili\u00e1rios que estejam a passar por reformas de grande dimens\u00e3o, para verificar a seguran\u00e7a dos andaimes e dos materiais de constru\u00e7\u00e3o. \u201cO Governo mandou inspecionar todos os complexos imobili\u00e1rios da cidade que est\u00e3o a passar por grandes reformas, para verificar a seguran\u00e7a dos andaimes e dos materiais de constru\u00e7\u00e3o\u201d, afirmou o chefe do Executivo, John Lee Ka-chiu, numa mensagem publicada no Facebook.<\/p>\n<p>John Lee admitiu tamb\u00e9m que as elei\u00e7\u00f5es para o Conselho Legislativo, marcadas para 7 de dezembro, poder\u00e3o ser adiadas na sequ\u00eancia do inc\u00eandio \u2014 o mais mort\u00edfero da hist\u00f3ria da cidade. \u201cFaremos uma an\u00e1lise completa e tomaremos uma decis\u00e3o nos pr\u00f3ximos dias, com base no interesse geral de Hong Kong\u201d, disse o governante, ap\u00f3s uma reuni\u00e3o de emerg\u00eancia com dirigentes de v\u00e1rios departamentos. Os debates entre candidatos previstos para esta quinta e sexta-feira foram suspensos, assim como as restantes atividades de campanha.<\/p>\n","protected":false},"excerpt":{"rendered":"O n\u00famero de mortos no inc\u00eandio que atingiu um complexo de habita\u00e7\u00e3o p\u00fablica em obras no norte de&hellip;\n","protected":false},"author":2,"featured_media":167204,"comment_status":"","ping_status":"","sticky":false,"template":"","format":"standard","meta":{"footnotes":""},"categories":[8],"tags":[27,28,15,16,14,25,26,21,22,12,13,19,20,32,23,24,33,17,18,29,30,31],"class_list":{"0":"post-167203","1":"post","2":"type-post","3":"status-publish","4":"format-standard","5":"has-post-thumbnail","7":"category-principais-noticias","8":"tag-breaking-news","9":"tag-breakingnews","10":"tag-featured-news","11":"tag-featurednews","12":"tag-headlines","13":"tag-latest-news","14":"tag-latestnews","15":"tag-main-news","16":"tag-mainnews","17":"tag-news","18":"tag-noticias","19":"tag-noticias-principais","20":"tag-noticiasprincipais","21":"tag-portugal","22":"tag-principais-noticias","23":"tag-principaisnoticias","24":"tag-pt","25":"tag-top-stories","26":"tag-topstories","27":"tag-ultimas","28":"tag-ultimas-noticias","29":"tag-ultimasnoticias"},"share_on_mastodon":{"url":"https:\/\/pubeurope.com\/@pt\/115622424435472868","error":""},"_links":{"self":[{"href":"https:\/\/www.europesays.com\/pt\/wp-json\/wp\/v2\/posts\/167203","targetHints":{"allow":["GET"]}}],"collection":[{"href":"https:\/\/www.europesays.com\/pt\/wp-json\/wp\/v2\/posts"}],"about":[{"href":"https:\/\/www.europesays.com\/pt\/wp-json\/wp\/v2\/types\/post"}],"author":[{"embeddable":true,"href":"https:\/\/www.europesays.com\/pt\/wp-json\/wp\/v2\/users\/2"}],"replies":[{"embeddable":true,"href":"https:\/\/www.europesays.com\/pt\/wp-json\/wp\/v2\/comments?post=167203"}],"version-history":[{"count":0,"href":"https:\/\/www.europesays.com\/pt\/wp-json\/wp\/v2\/posts\/167203\/revisions"}],"wp:featuredmedia":[{"embeddable":true,"href":"https:\/\/www.europesays.com\/pt\/wp-json\/wp\/v2\/media\/167204"}],"wp:attachment":[{"href":"https:\/\/www.europesays.com\/pt\/wp-json\/wp\/v2\/media?parent=167203"}],"wp:term":[{"taxonomy":"category","embeddable":true,"href":"https:\/\/www.europesays.com\/pt\/wp-json\/wp\/v2\/categories?post=167203"},{"taxonomy":"post_tag","embeddable":true,"href":"https:\/\/www.europesays.com\/pt\/wp-json\/wp\/v2\/tags?post=167203"}],"curies":[{"name":"wp","href":"https:\/\/api.w.org\/{rel}","templated":true}]}}