{"id":167223,"date":"2025-11-27T16:07:10","date_gmt":"2025-11-27T16:07:10","guid":{"rendered":"https:\/\/www.europesays.com\/pt\/167223\/"},"modified":"2025-11-27T16:07:10","modified_gmt":"2025-11-27T16:07:10","slug":"de-volta-a-ideia-inicial-o-onze-provavel-do-fc-porto-para-o-jogo-com-o-nice","status":"publish","type":"post","link":"https:\/\/www.europesays.com\/pt\/167223\/","title":{"rendered":"De volta \u00e0 ideia inicial: o onze prov\u00e1vel do FC Porto para o jogo com o Nice"},"content":{"rendered":"<p style=\"margin-bottom:11px\"><a href=\"https:\/\/maisfutebol.iol.pt\/liga-europa\/fc-porto\/farioli-sobre-froholdt-e-bednarek-os-ultimos-dez-dias-foram-muito-positivos\" target=\"_blank\" rel=\"nofollow noopener\">Os regressos de Jan Bednarek e Victor Froholdt<\/a>, recuperados de les\u00e3o, devem levar Francesco Farioli a recuperar o onze que mais vezes utilizou esta temporada no importante duelo com o Nice, para a Liga Europa.<\/p>\n<p>Tendo em conta o \u00faltimo jogo, <a href=\"https:\/\/maisfutebol.iol.pt\/jogo\/aominuto\/fc-porto\/sintrense\/13830736\" target=\"_blank\" rel=\"nofollow noopener\">frente ao Sintrense para a Ta\u00e7a de Portugal<\/a>, devem voltar \u00e0 titularidade Diogo Costa, Alberto Costa e Jakub Kiwior, para al\u00e9m dos j\u00e1 citados Bednarek e Froholdt.<\/p>\n<p><a href=\"https:\/\/maisfutebol.iol.pt\/fotogaleria\/692831e4d34e3caad84bc3e2\/galeria-onze-provavel-do-sp-braga-para-o-jogo-com-o-rangers\" target=\"_blank\" rel=\"nofollow noopener\">CONFIRA A GALERIA<\/a><\/p>\n<p>No Nice, que segue numa sequ\u00eancia de quatro derrotas consecutivas e ainda n\u00e3o pontuou nesta edi\u00e7\u00e3o da Liga Europa, o portugu\u00eas Tiago Gouveia integra a convocat\u00f3ria, podendo ir a jogo no Drag\u00e3o.<\/p>\n<p><strong>ONZE PROV\u00c1VEL DO FC PORTO:<\/strong> Diogo Costa, Alberto Costa, Jan Bednarek, Jakub Kiwior, Francisco Moura, Alan Varela, Victor Froholdt, Gabri Veiga, Pep\u00ea, Borja Sainz e Samu.<\/p>\n<p><strong>ONZE PROV\u00c1VEL DO NICE:<\/strong> Yehvann Diouf, Antoine Mendy, Juma Bah, Kojo Oppeng, Jonathan Clauss, Charles Vanhoutte, Salis Samed, Melvin Bard, Mohamed-Ali Cho, Terem Moffi e Sofiane Diop.<\/p>\n<p>O FC Porto-Nice tem in\u00edcio agendado para as 17h45 desta quinta-feira e <a href=\"https:\/\/maisfutebol.iol.pt\/jogo\/fc-porto\/nice\/13830302\" target=\"_blank\" rel=\"nofollow noopener\">pode ser acompanhado, ao minuto<\/a>, pelo <strong>Maisfutebol<\/strong>.<\/p>\n","protected":false},"excerpt":{"rendered":"Os regressos de Jan Bednarek e Victor Froholdt, recuperados de les\u00e3o, devem levar Francesco Farioli a recuperar o&hellip;\n","protected":false},"author":2,"featured_media":123161,"comment_status":"","ping_status":"","sticky":false,"template":"","format":"standard","meta":{"footnotes":""},"categories":[87],"tags":[135,282,1011,137,1356,46,731,7689,32,33,47,134],"class_list":{"0":"post-167223","1":"post","2":"type-post","3":"status-publish","4":"format-standard","5":"has-post-thumbnail","7":"category-desporto","8":"tag-desporto","9":"tag-fc-porto","10":"tag-francesco-farioli","11":"tag-liga-europa","12":"tag-mais-futebol","13":"tag-maisfutebol","14":"tag-nice","15":"tag-onzes-provaveis","16":"tag-portugal","17":"tag-pt","18":"tag-pura-paixao","19":"tag-sports"},"share_on_mastodon":{"url":"https:\/\/pubeurope.com\/@pt\/115622526572674118","error":""},"_links":{"self":[{"href":"https:\/\/www.europesays.com\/pt\/wp-json\/wp\/v2\/posts\/167223","targetHints":{"allow":["GET"]}}],"collection":[{"href":"https:\/\/www.europesays.com\/pt\/wp-json\/wp\/v2\/posts"}],"about":[{"href":"https:\/\/www.europesays.com\/pt\/wp-json\/wp\/v2\/types\/post"}],"author":[{"embeddable":true,"href":"https:\/\/www.europesays.com\/pt\/wp-json\/wp\/v2\/users\/2"}],"replies":[{"embeddable":true,"href":"https:\/\/www.europesays.com\/pt\/wp-json\/wp\/v2\/comments?post=167223"}],"version-history":[{"count":0,"href":"https:\/\/www.europesays.com\/pt\/wp-json\/wp\/v2\/posts\/167223\/revisions"}],"wp:featuredmedia":[{"embeddable":true,"href":"https:\/\/www.europesays.com\/pt\/wp-json\/wp\/v2\/media\/123161"}],"wp:attachment":[{"href":"https:\/\/www.europesays.com\/pt\/wp-json\/wp\/v2\/media?parent=167223"}],"wp:term":[{"taxonomy":"category","embeddable":true,"href":"https:\/\/www.europesays.com\/pt\/wp-json\/wp\/v2\/categories?post=167223"},{"taxonomy":"post_tag","embeddable":true,"href":"https:\/\/www.europesays.com\/pt\/wp-json\/wp\/v2\/tags?post=167223"}],"curies":[{"name":"wp","href":"https:\/\/api.w.org\/{rel}","templated":true}]}}