{"id":167242,"date":"2025-11-27T16:32:08","date_gmt":"2025-11-27T16:32:08","guid":{"rendered":"https:\/\/www.europesays.com\/pt\/167242\/"},"modified":"2025-11-27T16:32:08","modified_gmt":"2025-11-27T16:32:08","slug":"mundial-sub-17-portugal-austria","status":"publish","type":"post","link":"https:\/\/www.europesays.com\/pt\/167242\/","title":{"rendered":"Mundial sub-17. Portugal &#8211; \u00c1ustria"},"content":{"rendered":"<p>&#13;<br \/>\nA sele\u00e7\u00e3o portuguesa, campe\u00e3 europeia do escal\u00e3o, que participa pela quarta vez no torneio, nunca atingiu o jogo decisivo \u2013 tal como os austr\u00edacos -, tendo como melhor resultado o terceiro lugar alcan\u00e7ado em 1989, na Esc\u00f3cia, numa equipa em que o atual selecionador de sub-17, Bino Ma\u00e7\u00e3es, jogava no meio-campo.&#13;\n<\/p>\n<p>\nPortugal qualificou-se para a final da edi\u00e7\u00e3o de 2025 ao eliminar o Brasil nas meias-finais, no desempate por grandes penalidades (6-5, ap\u00f3s empate 0-0), depois de ter afastado a Su\u00ed\u00e7a (2-0), nos \u2018quartos\u2019, o M\u00e9xico (5-0), nos \u2018oitavos\u2019, a B\u00e9lgica (2-1), nos 16 avos de final, e de ter terminado no segundo lugar do Grupo B, atr\u00e1s do Jap\u00e3o (derrota por 2-1) e \u00e0 frente de Marrocos e Nova Caled\u00f3nia, que goleou por 6-0 e 6-1, respetivamente.<\/p>\n<p>A equipa das \u2018quinas\u2019, que n\u00e3o passou dos quartos de final em 1995, no Equador, em 2003, na Finl\u00e2ndia, conta com o segundo melhor marcador do Mundial de 2025, o avan\u00e7ado An\u00edsio Cabral, que soma seis golos no Qatar, anfitri\u00e3o da fase final, menos dois tentos do que o austr\u00edaco Johannes Moser, autor de um \u2018bis\u2019 no triunfo por 2-0 sobre a It\u00e1lia, nas meias-finais.<\/p>\n<p>Antes da decis\u00e3o do t\u00edtulo mundial da categoria, no Est\u00e1dio Internacional Khalifa, em jogo que ser\u00e1 arbitrado pelo peruano Roberto P\u00e9rez, a It\u00e1lia disputa a medalha de bronze com o Brasil, segundo pa\u00eds com mais trof\u00e9us conquistados, com quatro, apenas atr\u00e1s da Nig\u00e9ria, que se sagrou campe\u00e3 do mundo cinco vezes.<br \/>&#13;\n            <\/p>\n","protected":false},"excerpt":{"rendered":"&#13; A sele\u00e7\u00e3o portuguesa, campe\u00e3 europeia do escal\u00e3o, que participa pela quarta vez no torneio, nunca atingiu o&hellip;\n","protected":false},"author":2,"featured_media":167243,"comment_status":"","ping_status":"","sticky":false,"template":"","format":"standard","meta":{"footnotes":""},"categories":[8],"tags":[27,28,15,16,14,25,26,21,22,12,13,19,20,32,23,24,33,420,421,17,18,29,30,31],"class_list":{"0":"post-167242","1":"post","2":"type-post","3":"status-publish","4":"format-standard","5":"has-post-thumbnail","7":"category-principais-noticias","8":"tag-breaking-news","9":"tag-breakingnews","10":"tag-featured-news","11":"tag-featurednews","12":"tag-headlines","13":"tag-latest-news","14":"tag-latestnews","15":"tag-main-news","16":"tag-mainnews","17":"tag-news","18":"tag-noticias","19":"tag-noticias-principais","20":"tag-noticiasprincipais","21":"tag-portugal","22":"tag-principais-noticias","23":"tag-principaisnoticias","24":"tag-pt","25":"tag-rtp","26":"tag-rtp-noticias","27":"tag-top-stories","28":"tag-topstories","29":"tag-ultimas","30":"tag-ultimas-noticias","31":"tag-ultimasnoticias"},"share_on_mastodon":{"url":"https:\/\/pubeurope.com\/@pt\/115622625045857921","error":""},"_links":{"self":[{"href":"https:\/\/www.europesays.com\/pt\/wp-json\/wp\/v2\/posts\/167242","targetHints":{"allow":["GET"]}}],"collection":[{"href":"https:\/\/www.europesays.com\/pt\/wp-json\/wp\/v2\/posts"}],"about":[{"href":"https:\/\/www.europesays.com\/pt\/wp-json\/wp\/v2\/types\/post"}],"author":[{"embeddable":true,"href":"https:\/\/www.europesays.com\/pt\/wp-json\/wp\/v2\/users\/2"}],"replies":[{"embeddable":true,"href":"https:\/\/www.europesays.com\/pt\/wp-json\/wp\/v2\/comments?post=167242"}],"version-history":[{"count":0,"href":"https:\/\/www.europesays.com\/pt\/wp-json\/wp\/v2\/posts\/167242\/revisions"}],"wp:featuredmedia":[{"embeddable":true,"href":"https:\/\/www.europesays.com\/pt\/wp-json\/wp\/v2\/media\/167243"}],"wp:attachment":[{"href":"https:\/\/www.europesays.com\/pt\/wp-json\/wp\/v2\/media?parent=167242"}],"wp:term":[{"taxonomy":"category","embeddable":true,"href":"https:\/\/www.europesays.com\/pt\/wp-json\/wp\/v2\/categories?post=167242"},{"taxonomy":"post_tag","embeddable":true,"href":"https:\/\/www.europesays.com\/pt\/wp-json\/wp\/v2\/tags?post=167242"}],"curies":[{"name":"wp","href":"https:\/\/api.w.org\/{rel}","templated":true}]}}