{"id":167254,"date":"2025-11-27T16:47:14","date_gmt":"2025-11-27T16:47:14","guid":{"rendered":"https:\/\/www.europesays.com\/pt\/167254\/"},"modified":"2025-11-27T16:47:14","modified_gmt":"2025-11-27T16:47:14","slug":"mourinho-tem-credito-ilimitado-no-benfica","status":"publish","type":"post","link":"https:\/\/www.europesays.com\/pt\/167254\/","title":{"rendered":"Mourinho tem cr\u00e9dito ilimitado no Benfica"},"content":{"rendered":"<p>Jos\u00e9 Mourinho j\u00e1 venceu as elei\u00e7\u00f5es do Benfica, \u00e9 o verdadeiro diretor de comunica\u00e7\u00e3o do clube e agora tamb\u00e9m j\u00e1 ganha na\u2026 <a class=\"autolink-enabled\" data-resource-id=\"27\" data-resource-type=\"competition\" data-sport=\"football\" href=\"https:\/\/www.abola.pt\/futebol\/competicao\/uefa-champions-league-27\" rel=\"nofollow noopener\" target=\"_blank\">Champions<\/a>.<\/p>\n<p>Sou e sempre fui um f\u00e3 incondicional do special one e considero um privil\u00e9gio para todos t\u00ea-lo de volta ao campeonato portugu\u00eas. Marcou uma era no hist\u00f3ria do futebol mundial e, claro, \u00e9 uma refer\u00eancia para todo e qualquer treinador. Ou n\u00e3o tivesse ganho j\u00e1 tudo o que havia para ganhar.<\/p>\n<p>Tamb\u00e9m fora de campo \u00e9 inigual\u00e1vel. Cada minuto diante dos jornalistas \u00e9 precioso. Traz sempre algo de novo e tem uma capacidade \u00edmpar para a todos nos colocar a refletir.<\/p>\n<p>Privei j\u00e1 l\u00e1 v\u00e3o uns bons anos com ele, quando treinava o <a class=\"autolink-enabled\" data-resource-id=\"449\" data-resource-type=\"team\" data-sport=\"football\" href=\"https:\/\/www.abola.pt\/futebol\/ud-leiria-449\" rel=\"nofollow noopener\" target=\"_blank\">UD Leiria<\/a>, e desde logo constatei que era completamente diferente de todos aqueles que eu conhecia. E foi a\u00ed que percebi o que significavam os mind games. Para ele a comunica\u00e7\u00e3o social \u00e9 uma arma. Preciosa. \u00c9 um mestre na comunica\u00e7\u00e3o e tem uma capacidade inigual\u00e1vel para entrar na cabe\u00e7a de todos.<\/p>\n<p>Foi assim que interpretei as duras cr\u00edticas aos jogadores ap\u00f3s o jogo com o <a class=\"autolink-enabled\" data-resource-id=\"3033\" data-resource-type=\"team\" data-sport=\"football\" href=\"https:\/\/www.abola.pt\/futebol\/atletico-3033\" rel=\"nofollow noopener\" target=\"_blank\">Atl\u00e9tico<\/a>, para a <a class=\"autolink-enabled\" data-resource-id=\"112\" data-resource-type=\"competition\" data-sport=\"football\" href=\"https:\/\/www.abola.pt\/futebol\/competicao\/taca-de-portugal-112\" rel=\"nofollow noopener\" target=\"_blank\">Ta\u00e7a de Portugal<\/a>. Melhor aos nove jogadores que entraram de in\u00edcio no Restelo e que, se pudesse, teria substitu\u00eddo. Chamem-se eles <a class=\"autolink-enabled\" data-resource-id=\"266227\" data-resource-type=\"player\" data-sport=\"football\" href=\"https:\/\/www.abola.pt\/futebol\/jogador\/franjo-ivanovic-266227\" rel=\"nofollow noopener\" target=\"_blank\">Ivanovic<\/a>, <a class=\"autolink-enabled\" data-resource-id=\"256083\" data-resource-type=\"player\" data-sport=\"football\" href=\"https:\/\/www.abola.pt\/futebol\/jogador\/enzo-barrenechea-256083\" rel=\"nofollow noopener\" target=\"_blank\">Barrenechea<\/a> ou <a class=\"autolink-enabled\" data-resource-id=\"226935\" data-resource-type=\"player\" data-sport=\"football\" href=\"https:\/\/www.abola.pt\/futebol\/jogador\/tomas-araujo-226935\" rel=\"nofollow noopener\" target=\"_blank\">Tom\u00e1s Ara\u00fajo<\/a>\u2026 Foi, sim, uma aut\u00eantica terapia de choque. Mourinho \u00e9 assim, para ele n\u00e3o h\u00e1 meio-termo, \u00e9 tudo ou nada. E os jogadores t\u00eam de reagir. Quem conseguir vai melhorar, quem n\u00e3o conseguir s\u00f3 tem uma sa\u00edda, deixar a\u2026 Luz.<\/p>\n<p>Mourinho n\u00e3o abdica de ditar as regras e quem o contrata sabe ao que vai. Rui Costa, obviamente, sabia e por isso desde o primeiro dia que lhe deu carta branca. Agora \u00e9\u2026 esperar. Pelos resultados, claro.<\/p>\n<p>De resto, tudo perfeito. O presidente foi reeleito sem m\u00e1cula e considero que s\u00f3 alcan\u00e7ou a vota\u00e7\u00e3o que obteve por ter contratado Mourinho. O treinador n\u00e3o s\u00f3 foi um escudo precioso, como de imediato fez todos os benfiquistas acreditarem no sucesso imediato, mesmo os mais descrentes.<\/p>\n<p>Agora, \u00e9 ganhar, ganhar e\u2026 ganhar. Pelo menos at\u00e9 janeiro, com a ajuda de\u2026 <a class=\"autolink-enabled\" data-resource-id=\"266227\" data-resource-type=\"player\" data-sport=\"football\" href=\"https:\/\/www.abola.pt\/futebol\/jogador\/franjo-ivanovic-266227\" rel=\"nofollow noopener\" target=\"_blank\">Ivanovic<\/a>, <a class=\"autolink-enabled\" data-resource-id=\"223588\" data-resource-type=\"player\" data-sport=\"football\" href=\"https:\/\/www.abola.pt\/futebol\/jogador\/rafael-obrador-223588\" rel=\"nofollow noopener\" target=\"_blank\">Obrador<\/a>, <a class=\"autolink-enabled\" data-resource-id=\"233110\" data-resource-type=\"player\" data-sport=\"football\" href=\"https:\/\/www.abola.pt\/futebol\/jogador\/andreas-schjelderup-233110\" rel=\"nofollow noopener\" target=\"_blank\">Schjelderup<\/a>, todos a quem, j\u00e1 se percebeu, torce o nariz, ou mesmo <a class=\"autolink-enabled\" data-resource-id=\"213596\" data-resource-type=\"player\" data-sport=\"football\" href=\"https:\/\/www.abola.pt\/futebol\/jogador\/samuel-dahl-213596\" rel=\"nofollow noopener\" target=\"_blank\">Samuel Dahl<\/a>, contrata\u00e7\u00e3o que o diretor-geral M\u00e1rio Branco deu a entender publicamente ter sido um erro de casting.<\/p>\n<p>\u00c9 no campo, contudo, que t\u00eam surgido os problemas. O terceiro lugar na <a class=\"autolink-enabled\" data-resource-id=\"13\" data-resource-type=\"competition\" data-sport=\"football\" href=\"https:\/\/www.abola.pt\/futebol\/competicao\/liga-portugal-betclic-13\" rel=\"nofollow noopener\" target=\"_blank\">Liga<\/a> \u00e9, logicamente, pouco, como de menos s\u00e3o os tr\u00eas pontos em cinco jogos na <a class=\"autolink-enabled\" data-resource-id=\"27\" data-resource-type=\"competition\" data-sport=\"football\" href=\"https:\/\/www.abola.pt\/futebol\/competicao\/uefa-champions-league-27\" rel=\"nofollow noopener\" target=\"_blank\">Champions<\/a>. Quatro deles j\u00e1 com Mourinho. Tamb\u00e9m considero que a derrota com o <a class=\"autolink-enabled\" data-resource-id=\"997\" data-resource-type=\"team\" data-sport=\"football\" href=\"https:\/\/www.abola.pt\/futebol\/qarabag-997\" rel=\"nofollow noopener\" target=\"_blank\">Qarabag<\/a> complicou e muito as contas do apuramento, mas n\u00e3o \u00e9 \u00abo drama da situa\u00e7\u00e3o\u00bb, como Mourinho insistiu em dizer em Amesterd\u00e3o. O desaire com os azeris foi na primeira de oito jornadas, pelo que a chave da qualifica\u00e7\u00e3o n\u00e3o pode estar repetidamente ancorada ao jogo de estreia.<\/p>\n<p>O special one deve, sim, olhar para o passado para dizer o que disse ap\u00f3s o jogo com o <a class=\"autolink-enabled\" data-resource-id=\"390\" data-resource-type=\"team\" data-sport=\"football\" href=\"https:\/\/www.abola.pt\/futebol\/ajax-390\" rel=\"nofollow noopener\" target=\"_blank\">Ajax<\/a>: \u00abDeem-me o cr\u00e9dito de poder obviamente errar, mas tamb\u00e9m de achar que \u00e0s vezes posso fazer as coisas bem.\u00bb<\/p>\n<p>Tem toda a raz\u00e3o. E, no <a class=\"autolink-enabled\" data-resource-id=\"450\" data-resource-type=\"team\" data-sport=\"football\" href=\"https:\/\/www.abola.pt\/futebol\/benfica-450\" rel=\"nofollow noopener\" target=\"_blank\">Benfica<\/a>, considero que o cr\u00e9dito de Mourinho \u00e9 ilimitado. Pelo menos, at\u00e9 final da \u00e9poca. Rui Costa e o treinador foram muitos inteligentes ao redigirem o contrato que permite a cada um revog\u00e1-lo feito o balan\u00e7o dos\u2026 resultados. \u00a0<\/p>\n<p>        <a href=\"https:\/\/profile.google.com\/cp\/CgkvbS8wNWNjOHQ?pf=0\" target=\"_self\" rel=\"nofollow noopener\">Siga o perfil de A BOLA no Google<\/a><\/p>\n","protected":false},"excerpt":{"rendered":"Jos\u00e9 Mourinho j\u00e1 venceu as elei\u00e7\u00f5es do Benfica, \u00e9 o verdadeiro diretor de comunica\u00e7\u00e3o do clube e agora&hellip;\n","protected":false},"author":2,"featured_media":167255,"comment_status":"","ping_status":"","sticky":false,"template":"","format":"standard","meta":{"footnotes":""},"categories":[8],"tags":[27,28,15,16,14,25,26,21,22,12,13,19,20,32,23,24,33,17,18,29,30,31],"class_list":{"0":"post-167254","1":"post","2":"type-post","3":"status-publish","4":"format-standard","5":"has-post-thumbnail","7":"category-principais-noticias","8":"tag-breaking-news","9":"tag-breakingnews","10":"tag-featured-news","11":"tag-featurednews","12":"tag-headlines","13":"tag-latest-news","14":"tag-latestnews","15":"tag-main-news","16":"tag-mainnews","17":"tag-news","18":"tag-noticias","19":"tag-noticias-principais","20":"tag-noticiasprincipais","21":"tag-portugal","22":"tag-principais-noticias","23":"tag-principaisnoticias","24":"tag-pt","25":"tag-top-stories","26":"tag-topstories","27":"tag-ultimas","28":"tag-ultimas-noticias","29":"tag-ultimasnoticias"},"share_on_mastodon":{"url":"https:\/\/pubeurope.com\/@pt\/115622683974199331","error":""},"_links":{"self":[{"href":"https:\/\/www.europesays.com\/pt\/wp-json\/wp\/v2\/posts\/167254","targetHints":{"allow":["GET"]}}],"collection":[{"href":"https:\/\/www.europesays.com\/pt\/wp-json\/wp\/v2\/posts"}],"about":[{"href":"https:\/\/www.europesays.com\/pt\/wp-json\/wp\/v2\/types\/post"}],"author":[{"embeddable":true,"href":"https:\/\/www.europesays.com\/pt\/wp-json\/wp\/v2\/users\/2"}],"replies":[{"embeddable":true,"href":"https:\/\/www.europesays.com\/pt\/wp-json\/wp\/v2\/comments?post=167254"}],"version-history":[{"count":0,"href":"https:\/\/www.europesays.com\/pt\/wp-json\/wp\/v2\/posts\/167254\/revisions"}],"wp:featuredmedia":[{"embeddable":true,"href":"https:\/\/www.europesays.com\/pt\/wp-json\/wp\/v2\/media\/167255"}],"wp:attachment":[{"href":"https:\/\/www.europesays.com\/pt\/wp-json\/wp\/v2\/media?parent=167254"}],"wp:term":[{"taxonomy":"category","embeddable":true,"href":"https:\/\/www.europesays.com\/pt\/wp-json\/wp\/v2\/categories?post=167254"},{"taxonomy":"post_tag","embeddable":true,"href":"https:\/\/www.europesays.com\/pt\/wp-json\/wp\/v2\/tags?post=167254"}],"curies":[{"name":"wp","href":"https:\/\/api.w.org\/{rel}","templated":true}]}}