{"id":167270,"date":"2025-11-27T17:03:10","date_gmt":"2025-11-27T17:03:10","guid":{"rendered":"https:\/\/www.europesays.com\/pt\/167270\/"},"modified":"2025-11-27T17:03:10","modified_gmt":"2025-11-27T17:03:10","slug":"revelados-detalhes-das-cerimonias-funebres-de-almeno-goncalves","status":"publish","type":"post","link":"https:\/\/www.europesays.com\/pt\/167270\/","title":{"rendered":"Revelados detalhes das cerim\u00f3nias f\u00fanebres de Almeno Gon\u00e7alves"},"content":{"rendered":"<p><a href=\"https:\/\/selfie.iol.pt\/famosos\/almeno-goncalves\/morreu-o-ator-almeno-goncalves-aos-66-anos\/20251127\/69284500d34e2bd5c6d47d1f\" target=\"_blank\" rel=\"nofollow noopener\">Morreu Almeno Gon\u00e7alves<\/a>. O ator tinha 66 anos e\u00a0estava internado com um cancro do c\u00f3lon.<\/p>\n<p>O vel\u00f3rio do ator est\u00e1 marcado para sexta-feira, dia 28, de manh\u00e3, na Igreja de Miraflores, no concelho de Oeiras, segundo a agente revelou \u00e0 ag\u00eancia Lusa.<\/p>\n<p>O ator estava a gravar &#8216;Amor \u00e0 Prova&#8217; para a TVI e teve de parar devido \u00e0\u00a0doen\u00e7a.\u00a0Perde-se, assim, um grande talento e ator com percurso brilhante, nomeadamente na TVI, onde participou em diversos projetos da esta\u00e7\u00e3o de Queluz de Baixo ao longo da carreira, entre eles &#8220;Doida Por ti&#8221;, &#8220;Belmonte&#8221; ou &#8220;Filha do Mar&#8221;.<\/p>\n<p>O ator foi casado com a atriz Rita Salema, com quem tem uma filha, Francisca.<\/p>\n","protected":false},"excerpt":{"rendered":"Morreu Almeno Gon\u00e7alves. O ator tinha 66 anos e\u00a0estava internado com um cancro do c\u00f3lon. O vel\u00f3rio do&hellip;\n","protected":false},"author":2,"featured_media":167271,"comment_status":"","ping_status":"","sticky":false,"template":"","format":"standard","meta":{"footnotes":""},"categories":[145],"tags":[15263,1244,211,210,114,115,980,3562,161,32,33,1012,162],"class_list":{"0":"post-167270","1":"post","2":"type-post","3":"status-publish","4":"format-standard","5":"has-post-thumbnail","7":"category-celebridades","8":"tag-almeno-goncalves","9":"tag-ator","10":"tag-celebridades","11":"tag-celebrities","12":"tag-entertainment","13":"tag-entretenimento","14":"tag-famosos","15":"tag-funeral","16":"tag-novelas","17":"tag-portugal","18":"tag-pt","19":"tag-selfie","20":"tag-tvi"},"share_on_mastodon":{"url":"https:\/\/pubeurope.com\/@pt\/115622746729872051","error":""},"_links":{"self":[{"href":"https:\/\/www.europesays.com\/pt\/wp-json\/wp\/v2\/posts\/167270","targetHints":{"allow":["GET"]}}],"collection":[{"href":"https:\/\/www.europesays.com\/pt\/wp-json\/wp\/v2\/posts"}],"about":[{"href":"https:\/\/www.europesays.com\/pt\/wp-json\/wp\/v2\/types\/post"}],"author":[{"embeddable":true,"href":"https:\/\/www.europesays.com\/pt\/wp-json\/wp\/v2\/users\/2"}],"replies":[{"embeddable":true,"href":"https:\/\/www.europesays.com\/pt\/wp-json\/wp\/v2\/comments?post=167270"}],"version-history":[{"count":0,"href":"https:\/\/www.europesays.com\/pt\/wp-json\/wp\/v2\/posts\/167270\/revisions"}],"wp:featuredmedia":[{"embeddable":true,"href":"https:\/\/www.europesays.com\/pt\/wp-json\/wp\/v2\/media\/167271"}],"wp:attachment":[{"href":"https:\/\/www.europesays.com\/pt\/wp-json\/wp\/v2\/media?parent=167270"}],"wp:term":[{"taxonomy":"category","embeddable":true,"href":"https:\/\/www.europesays.com\/pt\/wp-json\/wp\/v2\/categories?post=167270"},{"taxonomy":"post_tag","embeddable":true,"href":"https:\/\/www.europesays.com\/pt\/wp-json\/wp\/v2\/tags?post=167270"}],"curies":[{"name":"wp","href":"https:\/\/api.w.org\/{rel}","templated":true}]}}