{"id":167292,"date":"2025-11-27T17:31:31","date_gmt":"2025-11-27T17:31:31","guid":{"rendered":"https:\/\/www.europesays.com\/pt\/167292\/"},"modified":"2025-11-27T17:31:31","modified_gmt":"2025-11-27T17:31:31","slug":"foi-para-isto-que-extinguiram-o-sef-diz-associacao-do-ex-sef-sobre-esquema-criminoso-contra-imigrantes","status":"publish","type":"post","link":"https:\/\/www.europesays.com\/pt\/167292\/","title":{"rendered":"&#8220;Foi para isto que extinguiram o SEF?&#8221;, diz associa\u00e7\u00e3o do ex-SEF sobre esquema criminoso contra imigrantes"},"content":{"rendered":"<p>A associa\u00e7\u00e3o afirma que, \u201cpassados cinco anos, a PSP continua a n\u00e3o estar preparada\u201d para lidar com a imigra\u00e7\u00e3o, citando situa\u00e7\u00f5es como o refor\u00e7o do trabalho dos inspetores da PJ nas fronteiras e casos de burnout entre agentes da PSP destacados para os aeroportos. Destaca tamb\u00e9m <strong>\u201cos alertas feitos por companhias a\u00e9reas e por embaixadas de pa\u00edses terceiros, que t\u00eam chamado a aten\u00e7\u00e3o para o caos no controlo de fronteira do aeroporto de Lisboa\u201d<\/strong>.<\/p>\n<p>Sobre a Ag\u00eancia para a Integra\u00e7\u00e3o, Migra\u00e7\u00f5es e Asilo (AIMA), respons\u00e1vel pela \u00e1rea documental dos imigrantes, refere que <strong>\u201cj\u00e1 muito foi dito e escrito sobre a incapacidade e a imprepara\u00e7\u00e3o da AIMA para dar resposta aos desafios que exige uma gest\u00e3o da imigra\u00e7\u00e3o equilibrada, adequada, c\u00e9lere e competente\u201d<\/strong>. E reitera as \u201ccr\u00edticas ao modelo institu\u00eddo\u201d.<\/p>\n<p>O DN questionou a PJ sobre as medidas de coa\u00e7\u00e3o impostas aos detidos, mas ainda n\u00e3o obteve resposta. Al\u00e9m dos agentes de autoridade, foram detidas outras seis pessoas, dois estrangeiros e quatro portugueses, suspeitas de integrarem a organiza\u00e7\u00e3o criminosa que tinha como alvo trabalhadores imigrantes. Segundo a Judici\u00e1ria, <strong><a aria-label=\"content\" target=\"_blank\" href=\"https:\/\/www.dn.pt\/sociedade\/rede-criminosa-desmantelada-pela-pj-controlava-500-imigrantes\" rel=\"nofollow noopener\">ter\u00e3o sido pelo menos 500 as v\u00edtimas<\/a>.<\/strong><\/p>\n<p>amanda.lima@dn.pt<\/p>\n","protected":false},"excerpt":{"rendered":"A associa\u00e7\u00e3o afirma que, \u201cpassados cinco anos, a PSP continua a n\u00e3o estar preparada\u201d para lidar com a&hellip;\n","protected":false},"author":2,"featured_media":167293,"comment_status":"","ping_status":"","sticky":false,"template":"","format":"standard","meta":{"footnotes":""},"categories":[10],"tags":[27,28,15,16,2002,14,1481,1865,25,26,21,22,12,13,19,20,32,23,24,1306,33,30076,17,18,29,30,31],"class_list":{"0":"post-167292","1":"post","2":"type-post","3":"status-publish","4":"format-standard","5":"has-post-thumbnail","7":"category-portugal","8":"tag-breaking-news","9":"tag-breakingnews","10":"tag-featured-news","11":"tag-featurednews","12":"tag-gnr","13":"tag-headlines","14":"tag-imigracao","15":"tag-imigrantes","16":"tag-latest-news","17":"tag-latestnews","18":"tag-main-news","19":"tag-mainnews","20":"tag-news","21":"tag-noticias","22":"tag-noticias-principais","23":"tag-noticiasprincipais","24":"tag-portugal","25":"tag-principais-noticias","26":"tag-principaisnoticias","27":"tag-psp","28":"tag-pt","29":"tag-sef","30":"tag-top-stories","31":"tag-topstories","32":"tag-ultimas","33":"tag-ultimas-noticias","34":"tag-ultimasnoticias"},"share_on_mastodon":{"url":"https:\/\/pubeurope.com\/@pt\/115622858394264921","error":""},"_links":{"self":[{"href":"https:\/\/www.europesays.com\/pt\/wp-json\/wp\/v2\/posts\/167292","targetHints":{"allow":["GET"]}}],"collection":[{"href":"https:\/\/www.europesays.com\/pt\/wp-json\/wp\/v2\/posts"}],"about":[{"href":"https:\/\/www.europesays.com\/pt\/wp-json\/wp\/v2\/types\/post"}],"author":[{"embeddable":true,"href":"https:\/\/www.europesays.com\/pt\/wp-json\/wp\/v2\/users\/2"}],"replies":[{"embeddable":true,"href":"https:\/\/www.europesays.com\/pt\/wp-json\/wp\/v2\/comments?post=167292"}],"version-history":[{"count":0,"href":"https:\/\/www.europesays.com\/pt\/wp-json\/wp\/v2\/posts\/167292\/revisions"}],"wp:featuredmedia":[{"embeddable":true,"href":"https:\/\/www.europesays.com\/pt\/wp-json\/wp\/v2\/media\/167293"}],"wp:attachment":[{"href":"https:\/\/www.europesays.com\/pt\/wp-json\/wp\/v2\/media?parent=167292"}],"wp:term":[{"taxonomy":"category","embeddable":true,"href":"https:\/\/www.europesays.com\/pt\/wp-json\/wp\/v2\/categories?post=167292"},{"taxonomy":"post_tag","embeddable":true,"href":"https:\/\/www.europesays.com\/pt\/wp-json\/wp\/v2\/tags?post=167292"}],"curies":[{"name":"wp","href":"https:\/\/api.w.org\/{rel}","templated":true}]}}