{"id":167298,"date":"2025-11-27T17:36:11","date_gmt":"2025-11-27T17:36:11","guid":{"rendered":"https:\/\/www.europesays.com\/pt\/167298\/"},"modified":"2025-11-27T17:36:11","modified_gmt":"2025-11-27T17:36:11","slug":"em-semana-de-desistencia-este-e-o-ranking-de-popularidade-e-o-ultimo-lugar-e-esmagador-secret-story","status":"publish","type":"post","link":"https:\/\/www.europesays.com\/pt\/167298\/","title":{"rendered":"Em semana de desist\u00eancia, este \u00e9 o Ranking de Popularidade: e o \u00faltimo lugar \u00e9 &#8216;esmagador&#8217; &#8211; Secret Story"},"content":{"rendered":"<p>Nova semana, novo ranking de<strong> Popularidade no <a href=\"https:\/\/tvi.iol.pt\/secretstory\/mais-vistos\" rel=\"nofollow noopener\" target=\"_blank\">Secret Story &#8211; Casa dos Segredos 9<\/a><\/strong>. Esta semana, o primeiro e \u00faltimo lugar mant\u00eam-se iguais \u00e0 semana anterior, mas as percentagens s\u00e3o mais esmagadoras.<\/p>\n<p>O <a href=\"https:\/\/tvi.iol.pt\/secretstory\/aominuto\" rel=\"nofollow noopener\" target=\"_blank\">primeiro lugar continua a ser ocupado por<\/a><strong><a href=\"https:\/\/tvi.iol.pt\/secretstory\/aominuto\" rel=\"nofollow noopener\" target=\"_blank\"> Pedro,<\/a> que conta com 95% de votos positivos e com apenas 5% de votos negativos.<\/strong> Segue-se Leandro e Marisa fecha o p\u00f3dio.\u00a0<\/p>\n<p>Esta semana,<strong> F\u00e1bio e Liliana subiram ligeiramente no ranking<\/strong>, ocupando agora a 4\u00aa e 5\u00aa posi\u00e7\u00e3o, respetivamente. Segue-se Ana, em sexto lugar, e os Reis da Treta ocupam o fim da tabela: Bruna em 7.\u00ba, In\u00eas em 8.\u00ba e <strong>Dylan ocupa a \u00faltima posi\u00e7\u00e3o<\/strong>, com uma esmagadora percentagem de 94% de votos pela negativa.\u00a0<\/p>\n<p><strong>Pode ver aqui o Ranking de Popularidade desta semana:<\/strong><br \/>\u00a0<\/p>\n<blockquote class=\"instagram-media\" data-instgrm-captioned=\"\" data-instgrm-permalink=\"https:\/\/www.instagram.com\/p\/DRjxlOVDF5S\/?utm_source=ig_embed&amp;utm_campaign=loading\" data-instgrm-version=\"14\" style=\" background:#FFF; border:0; border-radius:3px; box-shadow:0 0 1px 0 rgba(0,0,0,0.5),0 1px 10px 0 rgba(0,0,0,0.15); margin: 1px; max-width:540px; min-width:326px; padding:0; width:99.375%; width:-webkit-calc(100% - 2px); width:calc(100% - 2px);\">\n<\/blockquote>\n<p>                        <script async src=\"\/\/www.instagram.com\/embed.js\"><\/script><\/p>\n","protected":false},"excerpt":{"rendered":"Nova semana, novo ranking de Popularidade no Secret Story &#8211; Casa dos Segredos 9. Esta semana, o primeiro&hellip;\n","protected":false},"author":2,"featured_media":142037,"comment_status":"","ping_status":"","sticky":false,"template":"","format":"standard","meta":{"footnotes":""},"categories":[142],"tags":[19105,114,115,18800,14646,32,33,33886,1315,151,162,18801],"class_list":{"0":"post-167298","1":"post","2":"type-post","3":"status-publish","4":"format-standard","5":"has-post-thumbnail","7":"category-tv","8":"tag-dylan","9":"tag-entertainment","10":"tag-entretenimento","11":"tag-momentos-virais-secret-story","12":"tag-pedro","13":"tag-portugal","14":"tag-pt","15":"tag-ranking-de-popularidade","16":"tag-secret-story","17":"tag-tv","18":"tag-tvi","19":"tag-videos-virais-concorrentes"},"share_on_mastodon":{"url":"https:\/\/pubeurope.com\/@pt\/115622876493379315","error":""},"_links":{"self":[{"href":"https:\/\/www.europesays.com\/pt\/wp-json\/wp\/v2\/posts\/167298","targetHints":{"allow":["GET"]}}],"collection":[{"href":"https:\/\/www.europesays.com\/pt\/wp-json\/wp\/v2\/posts"}],"about":[{"href":"https:\/\/www.europesays.com\/pt\/wp-json\/wp\/v2\/types\/post"}],"author":[{"embeddable":true,"href":"https:\/\/www.europesays.com\/pt\/wp-json\/wp\/v2\/users\/2"}],"replies":[{"embeddable":true,"href":"https:\/\/www.europesays.com\/pt\/wp-json\/wp\/v2\/comments?post=167298"}],"version-history":[{"count":0,"href":"https:\/\/www.europesays.com\/pt\/wp-json\/wp\/v2\/posts\/167298\/revisions"}],"wp:featuredmedia":[{"embeddable":true,"href":"https:\/\/www.europesays.com\/pt\/wp-json\/wp\/v2\/media\/142037"}],"wp:attachment":[{"href":"https:\/\/www.europesays.com\/pt\/wp-json\/wp\/v2\/media?parent=167298"}],"wp:term":[{"taxonomy":"category","embeddable":true,"href":"https:\/\/www.europesays.com\/pt\/wp-json\/wp\/v2\/categories?post=167298"},{"taxonomy":"post_tag","embeddable":true,"href":"https:\/\/www.europesays.com\/pt\/wp-json\/wp\/v2\/tags?post=167298"}],"curies":[{"name":"wp","href":"https:\/\/api.w.org\/{rel}","templated":true}]}}