{"id":167312,"date":"2025-11-27T17:51:14","date_gmt":"2025-11-27T17:51:14","guid":{"rendered":"https:\/\/www.europesays.com\/pt\/167312\/"},"modified":"2025-11-27T17:51:14","modified_gmt":"2025-11-27T17:51:14","slug":"sbt-tira-larissa-alves-da-band-para-reforcar-novo-canal-27-11-2025-outro-canal","status":"publish","type":"post","link":"https:\/\/www.europesays.com\/pt\/167312\/","title":{"rendered":"SBT tira Larissa Alves da Band para refor\u00e7ar novo canal &#8211; 27\/11\/2025 &#8211; Outro Canal"},"content":{"rendered":"<p>\n<strong class=\"c-signature__location\">Aracaju <\/strong>\n<\/p>\n<p>O <a href=\"https:\/\/www1.folha.uol.com.br\/folha-topicos\/sbt\/\" rel=\"nofollow noopener\" target=\"_blank\">SBT<\/a> segue na montagem da equipe para lan\u00e7ar, ainda neste ano, o SBT News, seu canal de not\u00edcias na TV por assinatura. A emissora fechou nesta quinta-feira (27) a contrata\u00e7\u00e3o de Larissa Alves, rep\u00f3rter que at\u00e9 ent\u00e3o estava na <a href=\"https:\/\/www1.folha.uol.com.br\/folha-topicos\/band\/\" rel=\"nofollow noopener\" target=\"_blank\">Band<\/a>.<\/p>\n<p>  <a href=\"https:\/\/f5.folha.uol.com.br\/colunistas\/outro-canal\/\" rel=\"nofollow noopener\" target=\"_blank\"><br \/>\n    <img decoding=\"async\" src=\"https:\/\/www.europesays.com\/pt\/wp-content\/uploads\/2025\/10\/172599691166e09f6f54fe2_1725996911_1x1_xs.jpg\" alt=\"Foto de Outro Canal\" class=\"img-responsive c-lazyload\"\/><\/p>\n<p>  <\/a><\/p>\n<p class=\"author__description\">\n    Cobre diariamente os bastidores das novelas, do telejornalismo e da m\u00eddia esportiva. Tem como titular o jornalista Gabriel Vaquer\n  <\/p>\n","protected":false},"excerpt":{"rendered":"Aracaju O SBT segue na montagem da equipe para lan\u00e7ar, ainda neste ano, o SBT News, seu canal&hellip;\n","protected":false},"author":2,"featured_media":167313,"comment_status":"","ping_status":"","sticky":false,"template":"","format":"standard","meta":{"footnotes":""},"categories":[142],"tags":[1391,219,211,223,2866,114,115,224,225,35172,226,4621,221,220,222,35173,32,33,2867,936,2566,218,228,151,227],"class_list":{"0":"post-167312","1":"post","2":"type-post","3":"status-publish","4":"format-standard","5":"has-post-thumbnail","7":"category-tv","8":"tag-band","9":"tag-bichos","10":"tag-celebridades","11":"tag-colunistas","12":"tag-emissora-de-televiso","13":"tag-entertainment","14":"tag-entretenimento","15":"tag-estranho","16":"tag-eu-amo","17":"tag-fbio-faria","18":"tag-fofices","19":"tag-governo-bolsonaro","20":"tag-horoscopo","21":"tag-humanos","22":"tag-humor","23":"tag-ministrio-das-comunicaes","24":"tag-portugal","25":"tag-pt","26":"tag-rede-bandeirantes","27":"tag-sbt","28":"tag-televiso","29":"tag-televisao","30":"tag-tudo","31":"tag-tv","32":"tag-videos"},"share_on_mastodon":{"url":"https:\/\/pubeurope.com\/@pt\/115622935729302734","error":""},"_links":{"self":[{"href":"https:\/\/www.europesays.com\/pt\/wp-json\/wp\/v2\/posts\/167312","targetHints":{"allow":["GET"]}}],"collection":[{"href":"https:\/\/www.europesays.com\/pt\/wp-json\/wp\/v2\/posts"}],"about":[{"href":"https:\/\/www.europesays.com\/pt\/wp-json\/wp\/v2\/types\/post"}],"author":[{"embeddable":true,"href":"https:\/\/www.europesays.com\/pt\/wp-json\/wp\/v2\/users\/2"}],"replies":[{"embeddable":true,"href":"https:\/\/www.europesays.com\/pt\/wp-json\/wp\/v2\/comments?post=167312"}],"version-history":[{"count":0,"href":"https:\/\/www.europesays.com\/pt\/wp-json\/wp\/v2\/posts\/167312\/revisions"}],"wp:featuredmedia":[{"embeddable":true,"href":"https:\/\/www.europesays.com\/pt\/wp-json\/wp\/v2\/media\/167313"}],"wp:attachment":[{"href":"https:\/\/www.europesays.com\/pt\/wp-json\/wp\/v2\/media?parent=167312"}],"wp:term":[{"taxonomy":"category","embeddable":true,"href":"https:\/\/www.europesays.com\/pt\/wp-json\/wp\/v2\/categories?post=167312"},{"taxonomy":"post_tag","embeddable":true,"href":"https:\/\/www.europesays.com\/pt\/wp-json\/wp\/v2\/tags?post=167312"}],"curies":[{"name":"wp","href":"https:\/\/api.w.org\/{rel}","templated":true}]}}