{"id":167319,"date":"2025-11-27T18:00:12","date_gmt":"2025-11-27T18:00:12","guid":{"rendered":"https:\/\/www.europesays.com\/pt\/167319\/"},"modified":"2025-11-27T18:00:12","modified_gmt":"2025-11-27T18:00:12","slug":"papa-leao-visita-o-mausoleu-de-ataturk-em-ancara","status":"publish","type":"post","link":"https:\/\/www.europesays.com\/pt\/167319\/","title":{"rendered":"Papa Le\u00e3o visita o Mausol\u00e9u de Atat\u00fcrk em Ancara"},"content":{"rendered":"<p>O primeiro compromisso de Le\u00e3o XIV ap\u00f3s sua chegada \u00e0 Turquia na manh\u00e3 de quinta-feira (27\/11) foi uma visita ao Mausol\u00e9u de Mustafa Kemal Atat\u00fcrk. Ali o Pont\u00edfice assinou o Livro de Honra.<\/p>\n<p><b>Vatican News<\/b><\/p>\n<p>O Papa Le\u00e3o chegou a Ancara por volta das 12h30, hor\u00e1rio local, e foi recebido pelas autoridades do pa\u00eds no aeroporto da capital turca. A cerim\u00f4nia incluiu a apresenta\u00e7\u00e3o das delega\u00e7\u00f5es e a homenagem da Guarda de Honra, seguida de um breve encontro com o ministro na State Guest House.<\/p>\n<p>Em seguida, o Pont\u00edfice foi transferido de carro para o Mausol\u00e9u de Mustafa Kemal Atat\u00fcrk, fundador e primeiro presidente da Rep\u00fablica da Turquia, reverenciado como o \u201cPai dos Turcos\u201d. Durante a visita ao An\u0131tkabir (literalmente, &#8220;t\u00famulo memorial&#8221;), assinou o Livro de Honra, acompanhado por uma delega\u00e7\u00e3o oficial composta pelo Ministro, pelo Vice-Governador e pelo Comandante do Mausol\u00e9u.<\/p>\n<p>     <a href=\"https:\/\/www.vaticannews.va\/pt\/papa\/news\/2025-11\/papa-leao-xiv-inicia-sua-primeira-viagem-apostolica.html\" title=\"Papa Le\u00e3o XIV inicia sua primeira viagem apost\u00f3lica\" rel=\"nofollow noopener\" target=\"_blank\"><\/p>\n<p>        <img decoding=\"async\" src=\"data:image\/gif;base64,R0lGODlhAQABAIAAAAAAAP\/\/\/yH5BAEAAAAALAAAAAABAAEAAAIBRAA7\" data-original=\"https:\/\/www.vaticannews.va\/content\/dam\/vaticannews\/agenzie\/images\/srv\/2025\/11\/27\/viaggio-apostolico-in-tuerkiye-e-libano\/1764228098648.JPG\/_jcr_content\/renditions\/cq5dam.thumbnail.cropped.500.281.jpeg\" alt=\"Papa Le\u00e3o XIV inicia sua primeira viagem apost\u00f3lica\"\/><\/p>\n<p>      <\/a><\/p>\n<p>\n      O Papa decolou do aeroporto de Roma para chegar \u00e0 Turquia, primeira etapa de sua viagem que depois incluir\u00e1 o L\u00edbano, de domingo, 30 de novembro, at\u00e9 ter\u00e7a-feira, 2 de dezembro.\n     <\/p>\n<p>O Pont\u00edfice est\u00e1 no primeiro dia de sua visita de seis dias \u00e0 Turquia e ao L\u00edbano, sua primeira visita apost\u00f3lica ao exterior. O memorial tem grande significado para os turcos, pois homenageia o fundador da Turquia moderna e simboliza o nascimento, a moderniza\u00e7\u00e3o e o secularismo da na\u00e7\u00e3o. Mustafa Kemal Atat\u00fcrk \u00e9 reverenciado por liderar o Movimento Nacional Turco, estabelecer a Rep\u00fablica em 1923 e servir como seu primeiro presidente.<\/p>\n<p>O local tamb\u00e9m \u00e9 o descanso final de \u0130smet \u0130n\u00f6n\u00fc, o segundo presidente da Turquia, que foi sepultado ali ap\u00f3s sua morte em 1973. Seu t\u00famulo fica voltado para o Mausol\u00e9u de Atat\u00fcrk, no lado oposto do P\u00e1tio Cerimonial. O An\u0131tkabir \u00e9 composto por quatro partes principais: a Estrada dos Le\u00f5es, a Pra\u00e7a Cerimonial, o Sal\u00e3o da Honra (local do t\u00famulo de Atat\u00fcrk) e o Parque da Paz, que circunda o monumento.<\/p>\n<p>\n   Visita ao Mausol\u00e9u de Atat\u00fcrk\n  <\/p>\n","protected":false},"excerpt":{"rendered":"O primeiro compromisso de Le\u00e3o XIV ap\u00f3s sua chegada \u00e0 Turquia na manh\u00e3 de quinta-feira (27\/11) foi uma&hellip;\n","protected":false},"author":2,"featured_media":167320,"comment_status":"","ping_status":"","sticky":false,"template":"","format":"standard","meta":{"footnotes":""},"categories":[50],"tags":[27,28,15,16,14,25,26,21,22,62,12,13,19,20,811,23,24,17,18,2428,29,30,31,24827,63,64,65],"class_list":{"0":"post-167319","1":"post","2":"type-post","3":"status-publish","4":"format-standard","5":"has-post-thumbnail","7":"category-mundo","8":"tag-breaking-news","9":"tag-breakingnews","10":"tag-featured-news","11":"tag-featurednews","12":"tag-headlines","13":"tag-latest-news","14":"tag-latestnews","15":"tag-main-news","16":"tag-mainnews","17":"tag-mundo","18":"tag-news","19":"tag-noticias","20":"tag-noticias-principais","21":"tag-noticiasprincipais","22":"tag-papa-leao-xiv","23":"tag-principais-noticias","24":"tag-principaisnoticias","25":"tag-top-stories","26":"tag-topstories","27":"tag-turquia","28":"tag-ultimas","29":"tag-ultimas-noticias","30":"tag-ultimasnoticias","31":"tag-viagem-apostolica","32":"tag-world","33":"tag-world-news","34":"tag-worldnews"},"share_on_mastodon":{"url":"https:\/\/pubeurope.com\/@pt\/115622970838894492","error":""},"_links":{"self":[{"href":"https:\/\/www.europesays.com\/pt\/wp-json\/wp\/v2\/posts\/167319","targetHints":{"allow":["GET"]}}],"collection":[{"href":"https:\/\/www.europesays.com\/pt\/wp-json\/wp\/v2\/posts"}],"about":[{"href":"https:\/\/www.europesays.com\/pt\/wp-json\/wp\/v2\/types\/post"}],"author":[{"embeddable":true,"href":"https:\/\/www.europesays.com\/pt\/wp-json\/wp\/v2\/users\/2"}],"replies":[{"embeddable":true,"href":"https:\/\/www.europesays.com\/pt\/wp-json\/wp\/v2\/comments?post=167319"}],"version-history":[{"count":0,"href":"https:\/\/www.europesays.com\/pt\/wp-json\/wp\/v2\/posts\/167319\/revisions"}],"wp:featuredmedia":[{"embeddable":true,"href":"https:\/\/www.europesays.com\/pt\/wp-json\/wp\/v2\/media\/167320"}],"wp:attachment":[{"href":"https:\/\/www.europesays.com\/pt\/wp-json\/wp\/v2\/media?parent=167319"}],"wp:term":[{"taxonomy":"category","embeddable":true,"href":"https:\/\/www.europesays.com\/pt\/wp-json\/wp\/v2\/categories?post=167319"},{"taxonomy":"post_tag","embeddable":true,"href":"https:\/\/www.europesays.com\/pt\/wp-json\/wp\/v2\/tags?post=167319"}],"curies":[{"name":"wp","href":"https:\/\/api.w.org\/{rel}","templated":true}]}}