{"id":167321,"date":"2025-11-27T18:02:12","date_gmt":"2025-11-27T18:02:12","guid":{"rendered":"https:\/\/www.europesays.com\/pt\/167321\/"},"modified":"2025-11-27T18:02:12","modified_gmt":"2025-11-27T18:02:12","slug":"ja-comparam-vitinha-e-neves-a-dupla-xavi-iniesta","status":"publish","type":"post","link":"https:\/\/www.europesays.com\/pt\/167321\/","title":{"rendered":"J\u00e1 comparam Vitinha e Neves \u00e0 dupla\u00a0Xavi\/Iniesta"},"content":{"rendered":"<p>As exibi\u00e7\u00f5es de <a class=\"autolink-enabled\" data-resource-id=\"210023\" data-resource-type=\"player\" data-sport=\"football\" href=\"https:\/\/www.abola.pt\/futebol\/jogador\/vitinha-210023\" rel=\"nofollow noopener\" target=\"_blank\">Vitinha<\/a> e <a class=\"autolink-enabled\" data-resource-id=\"254241\" data-resource-type=\"player\" data-sport=\"football\" href=\"https:\/\/www.abola.pt\/futebol\/jogador\/joao-neves-254241\" rel=\"nofollow noopener\" target=\"_blank\">Jo\u00e3o Neves<\/a> no meio-campo do <a class=\"autolink-enabled\" data-resource-id=\"295\" data-resource-type=\"team\" data-sport=\"football\" href=\"https:\/\/www.abola.pt\/futebol\/psg-295\" rel=\"nofollow noopener\" target=\"_blank\">PSG<\/a> t\u00eam granjeado todo o tipo de elogios nos \u00faltimos meses, a mais recentes com alguma responsabilidade quanto \u00e0 compara\u00e7\u00e3o que h\u00e1 anos dominou o meio-campo no <a class=\"autolink-enabled\" data-resource-id=\"205\" data-resource-type=\"team\" data-sport=\"football\" href=\"https:\/\/www.abola.pt\/futebol\/barcelona-205\" rel=\"nofollow noopener\" target=\"_blank\">Barcelona<\/a> e da sele\u00e7\u00e3o espanhola.<\/p>\n<p>Nicolas Vilas Boas, jornalista do L&#8217;\u00c9quipe, n\u00e3o teve hesita\u00e7\u00f5es em avan\u00e7ar a compara\u00e7\u00e3o, mesmo correndo o risco de ser pol\u00e9mico. \u00abPara mim, Neves e\u00a0Vitinha, s\u00e3o o\u00a0Xavi\u00a0e o\u00a0Iniesta.\u00a0N\u00e3o estou a dizer que eles v\u00e3o fazer o mesmo, mas\u00a0h\u00e1 ali algo especial\u00bb, disse no programa L \u00c9quipe Soir, depois da vit\u00f3ria do PSG por 5-3 sonbre o Tottenham, em que Vitinha marcou tr\u00eas golos.<\/p>\n<p>Os colegas de painel hesitaram mas o jornalista &#8211; que, diga-se, tem ascend\u00eancia portuguesa &#8211; apresentou uma curiosidade que aproxima as duplas: <\/p>\n<p>\u00abVi que\u00a0t\u00eam a mesma diferen\u00e7a de idade entre eles e ganharam a sua primeira Liga dos Campe\u00f5es com a mesma idade.\u00bb<\/p>\n<p>E ser\u00e1 que podem vir a ser campe\u00f5es do Mundo? \u00abO que\u00a0podemos\u00a0dizer?\u00a0E com\u00a0o Cristiano,\u00a0que estar\u00e1 l\u00e1&#8230;\u00bb, sorriu.<\/p>\n","protected":false},"excerpt":{"rendered":"As exibi\u00e7\u00f5es de Vitinha e Jo\u00e3o Neves no meio-campo do PSG t\u00eam granjeado todo o tipo de elogios&hellip;\n","protected":false},"author":2,"featured_media":167322,"comment_status":"","ping_status":"","sticky":false,"template":"","format":"standard","meta":{"footnotes":""},"categories":[8],"tags":[27,28,15,16,14,25,26,21,22,12,13,19,20,32,23,24,33,17,18,29,30,31],"class_list":{"0":"post-167321","1":"post","2":"type-post","3":"status-publish","4":"format-standard","5":"has-post-thumbnail","7":"category-principais-noticias","8":"tag-breaking-news","9":"tag-breakingnews","10":"tag-featured-news","11":"tag-featurednews","12":"tag-headlines","13":"tag-latest-news","14":"tag-latestnews","15":"tag-main-news","16":"tag-mainnews","17":"tag-news","18":"tag-noticias","19":"tag-noticias-principais","20":"tag-noticiasprincipais","21":"tag-portugal","22":"tag-principais-noticias","23":"tag-principaisnoticias","24":"tag-pt","25":"tag-top-stories","26":"tag-topstories","27":"tag-ultimas","28":"tag-ultimas-noticias","29":"tag-ultimasnoticias"},"share_on_mastodon":{"url":"https:\/\/pubeurope.com\/@pt\/115622978820656982","error":""},"_links":{"self":[{"href":"https:\/\/www.europesays.com\/pt\/wp-json\/wp\/v2\/posts\/167321","targetHints":{"allow":["GET"]}}],"collection":[{"href":"https:\/\/www.europesays.com\/pt\/wp-json\/wp\/v2\/posts"}],"about":[{"href":"https:\/\/www.europesays.com\/pt\/wp-json\/wp\/v2\/types\/post"}],"author":[{"embeddable":true,"href":"https:\/\/www.europesays.com\/pt\/wp-json\/wp\/v2\/users\/2"}],"replies":[{"embeddable":true,"href":"https:\/\/www.europesays.com\/pt\/wp-json\/wp\/v2\/comments?post=167321"}],"version-history":[{"count":0,"href":"https:\/\/www.europesays.com\/pt\/wp-json\/wp\/v2\/posts\/167321\/revisions"}],"wp:featuredmedia":[{"embeddable":true,"href":"https:\/\/www.europesays.com\/pt\/wp-json\/wp\/v2\/media\/167322"}],"wp:attachment":[{"href":"https:\/\/www.europesays.com\/pt\/wp-json\/wp\/v2\/media?parent=167321"}],"wp:term":[{"taxonomy":"category","embeddable":true,"href":"https:\/\/www.europesays.com\/pt\/wp-json\/wp\/v2\/categories?post=167321"},{"taxonomy":"post_tag","embeddable":true,"href":"https:\/\/www.europesays.com\/pt\/wp-json\/wp\/v2\/tags?post=167321"}],"curies":[{"name":"wp","href":"https:\/\/api.w.org\/{rel}","templated":true}]}}