{"id":167333,"date":"2025-11-27T18:14:11","date_gmt":"2025-11-27T18:14:11","guid":{"rendered":"https:\/\/www.europesays.com\/pt\/167333\/"},"modified":"2025-11-27T18:14:11","modified_gmt":"2025-11-27T18:14:11","slug":"dinamarca-cria-vigilia-noturna-para-monitorizar-movimentos-de-trump","status":"publish","type":"post","link":"https:\/\/www.europesays.com\/pt\/167333\/","title":{"rendered":"Dinamarca cria &#8220;vig\u00edlia noturna&#8221; para monitorizar movimentos de Trump"},"content":{"rendered":"<p data-remotead-prev-elm=\"true\" data-remotead-elm-id=\"inread\">O per\u00edodo de vigil\u00e2ncia noturna inicia-se \u00e0s 17 horas locais. \u00c0s 7 horas do dia seguinte, \u00e9 produzido e distribu\u00eddo por todo o governo dinamarqu\u00eas e departamentos relevantes um relat\u00f3rio sobre os acontecimentos da noite, de acordo com o jornal &#8220;Politiken&#8221;.<\/p>\n<p>O cargo foi criado na sequ\u00eancia da disputa diplom\u00e1tica entre Copenhaga e Washington sobre a Gronel\u00e2ndia, quando Trump amea\u00e7ou assumir o controlo da ilha \u00e1rtica. &#8220;Pode-se afirmar que a situa\u00e7\u00e3o na Gronel\u00e2ndia e a diferen\u00e7a de fuso hor\u00e1rio entre a Dinamarca e os Estados Unidos foram fatores bastante importantes para a implementa\u00e7\u00e3o deste acordo&#8221;, disse uma fonte do Minist\u00e9rio dos Neg\u00f3cios Estrangeiros da Dinamarca ao jornal brit\u00e2nico &#8220;The Guardian&#8221;.<\/p>\n<p>Assim, em vez de terem de estar todos atentos \u00e0s not\u00edcias do outro lado do Atl\u00e2ntico, \u00e9 feito um &#8220;esfor\u00e7o coletivo&#8221; para os funcion\u00e1rios do governo estarem atualizados sobre os movimentos do governo norte-americano.<\/p>\n","protected":false},"excerpt":{"rendered":"O per\u00edodo de vigil\u00e2ncia noturna inicia-se \u00e0s 17 horas locais. \u00c0s 7 horas do dia seguinte, \u00e9 produzido&hellip;\n","protected":false},"author":2,"featured_media":167334,"comment_status":"","ping_status":"","sticky":false,"template":"","format":"standard","meta":{"footnotes":""},"categories":[50],"tags":[27,28,4639,92,413,15,16,13033,14,25,26,21,22,62,12,13,19,20,23,24,17,18,29,30,31,63,64,65],"class_list":{"0":"post-167333","1":"post","2":"type-post","3":"status-publish","4":"format-standard","5":"has-post-thumbnail","7":"category-mundo","8":"tag-breaking-news","9":"tag-breakingnews","10":"tag-dinamarca","11":"tag-donald-trump","12":"tag-eua","13":"tag-featured-news","14":"tag-featurednews","15":"tag-gronelandia","16":"tag-headlines","17":"tag-latest-news","18":"tag-latestnews","19":"tag-main-news","20":"tag-mainnews","21":"tag-mundo","22":"tag-news","23":"tag-noticias","24":"tag-noticias-principais","25":"tag-noticiasprincipais","26":"tag-principais-noticias","27":"tag-principaisnoticias","28":"tag-top-stories","29":"tag-topstories","30":"tag-ultimas","31":"tag-ultimas-noticias","32":"tag-ultimasnoticias","33":"tag-world","34":"tag-world-news","35":"tag-worldnews"},"share_on_mastodon":{"url":"https:\/\/pubeurope.com\/@pt\/115623025934828629","error":""},"_links":{"self":[{"href":"https:\/\/www.europesays.com\/pt\/wp-json\/wp\/v2\/posts\/167333","targetHints":{"allow":["GET"]}}],"collection":[{"href":"https:\/\/www.europesays.com\/pt\/wp-json\/wp\/v2\/posts"}],"about":[{"href":"https:\/\/www.europesays.com\/pt\/wp-json\/wp\/v2\/types\/post"}],"author":[{"embeddable":true,"href":"https:\/\/www.europesays.com\/pt\/wp-json\/wp\/v2\/users\/2"}],"replies":[{"embeddable":true,"href":"https:\/\/www.europesays.com\/pt\/wp-json\/wp\/v2\/comments?post=167333"}],"version-history":[{"count":0,"href":"https:\/\/www.europesays.com\/pt\/wp-json\/wp\/v2\/posts\/167333\/revisions"}],"wp:featuredmedia":[{"embeddable":true,"href":"https:\/\/www.europesays.com\/pt\/wp-json\/wp\/v2\/media\/167334"}],"wp:attachment":[{"href":"https:\/\/www.europesays.com\/pt\/wp-json\/wp\/v2\/media?parent=167333"}],"wp:term":[{"taxonomy":"category","embeddable":true,"href":"https:\/\/www.europesays.com\/pt\/wp-json\/wp\/v2\/categories?post=167333"},{"taxonomy":"post_tag","embeddable":true,"href":"https:\/\/www.europesays.com\/pt\/wp-json\/wp\/v2\/tags?post=167333"}],"curies":[{"name":"wp","href":"https:\/\/api.w.org\/{rel}","templated":true}]}}