{"id":167414,"date":"2025-11-27T19:31:11","date_gmt":"2025-11-27T19:31:11","guid":{"rendered":"https:\/\/www.europesays.com\/pt\/167414\/"},"modified":"2025-11-27T19:31:11","modified_gmt":"2025-11-27T19:31:11","slug":"radio-educadora-fm-dois-vizinhos-pr-28","status":"publish","type":"post","link":"https:\/\/www.europesays.com\/pt\/167414\/","title":{"rendered":"R\u00e1dio Educadora FM &#8211; Dois Vizinhos PR."},"content":{"rendered":"<p>\n                            Ap\u00f3s perder o controle e bater o ve\u00edculo, o condutor fugiu a p\u00e9 para \u00e1rea de mata                        <\/p>\n<p style=\"text-align: justify;\">Na tarde de ter\u00e7a-feira, dia 25, por volta das 15h00, a equipe RPA da Pol\u00edcia Militar de Dois Vizinhos recebeu informa\u00e7\u00f5es vindas de uma opera\u00e7\u00e3o em conjunto da Pol\u00edcia Militar com a Receita Federal de que um ve\u00edculo Chevrolet\/Cruze estaria deslocando na rodovia sentido ao munic\u00edpio de Dois Vizinhos, possivelmente carregado com il\u00edcitos.<br \/>De posse das informa\u00e7\u00f5es, a equipe policial se deslocou rapidamente at\u00e9 o trevo do Alto Bela Vista, no entrocamento da rodovia PR-281 com a PR-180, quando foi visualizado o ve\u00edculo transitando no sentido contr\u00e1rio da pista, for\u00e7ando ultrapassagem na faixa cont\u00ednua. A equipe policial se aproximou do ve\u00edculo e deu ordem de parada utilizando sinais sonoros e luminosos, sendo que o motorista do Cruze n\u00e3o obedeceu e jogou o ve\u00edculo contra a viatura policial tentando bater na viatura. Neste momento os policiais efetuaram disparos de arma de fogo em dire\u00e7\u00e3o aos pneus do ve\u00edculo, iniciado acompanhamento t\u00e1tico.<br \/>Logo ap\u00f3s o trevo o condutor acessou uma estrada de ch\u00e3o, sendo que a todo momento ele tentava jogar o carro pra cima de outros ve\u00edculos que vinham na dire\u00e7\u00e3o oposta. Novamente foi necess\u00e1rio que os policiais efetuassem disparos na tentativa de acertar os pneus do ve\u00edculo. Por cerca de 10 quil\u00f4metros de acompanhamento tendo colocado a vida de diversas pessoas em risco, o condutor do Cruze acabou perdendo o controle da dire\u00e7\u00e3o e bateu em uma cerca vindo a desembarcar com uma arma em m\u00e3os e entrar na regi\u00e3o de mata. De acordo com o boletim policial, neste momento ap\u00f3s o indiv\u00edduo tentar apontar a arma em dire\u00e7\u00e3o aos policiais, um dos militares efetuou mais disparos de arma de fogo, por\u00e9m o indiv\u00edduo saiu correndo sentido a \u00e1rea de mata. Ap\u00f3s a chagada das demais equipes policiais em apoio, foram realizadas buscas na regi\u00e3o de mata, no entanto o indiv\u00edduo n\u00e3o foi localizado.<br \/>Diante dos fatos, o Cruze que estava carregando com 1.386 pacotes de cigarro da marca Classic e um par de placas de ve\u00edculo origem Argentina, foi apreendido juntamente com o il\u00edcito e encaminhado para as devidas provid\u00eancias cab\u00edveis. <br \/>Rep\u00f3rter Islan Roque\/Portal Educadora<\/p>\n","protected":false},"excerpt":{"rendered":"Ap\u00f3s perder o controle e bater o ve\u00edculo, o condutor fugiu a p\u00e9 para \u00e1rea de mata Na&hellip;\n","protected":false},"author":2,"featured_media":162028,"comment_status":"","ping_status":"","sticky":false,"template":"","format":"standard","meta":{"footnotes":""},"categories":[141],"tags":[3050,3056,3054,3055,3051,3052,114,115,1914,1915,149,150,3053,32,33,766],"class_list":{"0":"post-167414","1":"post","2":"type-post","3":"status-publish","4":"format-standard","5":"has-post-thumbnail","7":"category-musica","8":"tag-am","9":"tag-ao-vivo","10":"tag-dois-vizinhos","11":"tag-doisvizinhos","12":"tag-educadora","13":"tag-educadoradv","14":"tag-entertainment","15":"tag-entretenimento","16":"tag-fm","17":"tag-mp3","18":"tag-music","19":"tag-musica","20":"tag-player","21":"tag-portugal","22":"tag-pt","23":"tag-radio"},"share_on_mastodon":{"url":"https:\/\/pubeurope.com\/@pt\/115623328819627049","error":""},"_links":{"self":[{"href":"https:\/\/www.europesays.com\/pt\/wp-json\/wp\/v2\/posts\/167414","targetHints":{"allow":["GET"]}}],"collection":[{"href":"https:\/\/www.europesays.com\/pt\/wp-json\/wp\/v2\/posts"}],"about":[{"href":"https:\/\/www.europesays.com\/pt\/wp-json\/wp\/v2\/types\/post"}],"author":[{"embeddable":true,"href":"https:\/\/www.europesays.com\/pt\/wp-json\/wp\/v2\/users\/2"}],"replies":[{"embeddable":true,"href":"https:\/\/www.europesays.com\/pt\/wp-json\/wp\/v2\/comments?post=167414"}],"version-history":[{"count":0,"href":"https:\/\/www.europesays.com\/pt\/wp-json\/wp\/v2\/posts\/167414\/revisions"}],"wp:featuredmedia":[{"embeddable":true,"href":"https:\/\/www.europesays.com\/pt\/wp-json\/wp\/v2\/media\/162028"}],"wp:attachment":[{"href":"https:\/\/www.europesays.com\/pt\/wp-json\/wp\/v2\/media?parent=167414"}],"wp:term":[{"taxonomy":"category","embeddable":true,"href":"https:\/\/www.europesays.com\/pt\/wp-json\/wp\/v2\/categories?post=167414"},{"taxonomy":"post_tag","embeddable":true,"href":"https:\/\/www.europesays.com\/pt\/wp-json\/wp\/v2\/tags?post=167414"}],"curies":[{"name":"wp","href":"https:\/\/api.w.org\/{rel}","templated":true}]}}