{"id":167421,"date":"2025-11-27T19:38:16","date_gmt":"2025-11-27T19:38:16","guid":{"rendered":"https:\/\/www.europesays.com\/pt\/167421\/"},"modified":"2025-11-27T19:38:16","modified_gmt":"2025-11-27T19:38:16","slug":"sondagem-expresso-sic-ventura-e-gouveia-lideram-primeira-volta","status":"publish","type":"post","link":"https:\/\/www.europesays.com\/pt\/167421\/","title":{"rendered":"Sondagem Expresso\/SIC: Ventura e Gouveia lideram primeira volta"},"content":{"rendered":"<p class=\"texto\">A segunda volta das elei\u00e7\u00f5es presidenciais pode vir a ser disputada por um pol\u00edtico antissistema, considerado de fora do espectro democr\u00e1tico, e um candidato que nunca fez pol\u00edtica, e que faz gala de n\u00e3o vir de nenhum partido. Andr\u00e9 Ventura e o Henrique Gouveia e Melo s\u00e3o, neste momento, os mais bem posicionados para chegar \u00e0 segunda volta, segundo a mais recente sondagem do ICS\/ISCTE feita para o Expresso e a SIC. Lu\u00eds Marques Mendes completa o p\u00f3dio, em terceiro lugar, mas em situa\u00e7\u00e3o de empate t\u00e9cnico com os dois outros, dentro da margem de erro. O trabalho de campo foi feito at\u00e9 dia 17, data em que come\u00e7aram os debates.<\/p>\n<p><a href=\"https:\/\/expresso.pt\/subscrever?action=GEN&amp;channel=VID&amp;type=CAP&amp;source=WEB&amp;returnUrl=https:\/\/expresso.pt\/politica\/eleicoes\/presidenciais-2026\/2025-11-27-sondagem-expresso-sic-ventura-e-gouveia-lideram-primeira-volta-dc546a9a&amp;utm_source=expresso&amp;utm_medium=locked_article&amp;locked=true&amp;article_id=97f81a7c-d362-4d6f-ad16-c389d5ea6feb&amp;author_id=Rita+Dinis,Sofia+Miguel+Rosa&amp;category=Presidenciais+2026\" target=\"_self\" class=\"\" rel=\"nofollow noopener\">Subscrever<\/a>J\u00e1 \u00e9 Subscritor?Fa\u00e7a login e continue a ler<a href=\"http:\/\/expresso.pt\/codigo?redirectUrl=https:\/\/expresso.pt\/politica\/eleicoes\/presidenciais-2026\/2025-11-27-sondagem-expresso-sic-ventura-e-gouveia-lideram-primeira-volta-dc546a9a\" target=\"_self\" class=\"\" rel=\"nofollow noopener\">Inserir C\u00f3digo<\/a>Comprou o Expresso?Insira o c\u00f3digo presente na Revista E para continuar a ler<\/p>\n","protected":false},"excerpt":{"rendered":"A segunda volta das elei\u00e7\u00f5es presidenciais pode vir a ser disputada por um pol\u00edtico antissistema, considerado de fora&hellip;\n","protected":false},"author":2,"featured_media":167422,"comment_status":"","ping_status":"","sticky":false,"template":"","format":"standard","meta":{"footnotes":""},"categories":[50],"tags":[27,28,15,16,14,25,26,21,22,62,12,13,19,20,23,24,17,18,29,30,31,63,64,65],"class_list":{"0":"post-167421","1":"post","2":"type-post","3":"status-publish","4":"format-standard","5":"has-post-thumbnail","7":"category-mundo","8":"tag-breaking-news","9":"tag-breakingnews","10":"tag-featured-news","11":"tag-featurednews","12":"tag-headlines","13":"tag-latest-news","14":"tag-latestnews","15":"tag-main-news","16":"tag-mainnews","17":"tag-mundo","18":"tag-news","19":"tag-noticias","20":"tag-noticias-principais","21":"tag-noticiasprincipais","22":"tag-principais-noticias","23":"tag-principaisnoticias","24":"tag-top-stories","25":"tag-topstories","26":"tag-ultimas","27":"tag-ultimas-noticias","28":"tag-ultimasnoticias","29":"tag-world","30":"tag-world-news","31":"tag-worldnews"},"share_on_mastodon":{"url":"https:\/\/pubeurope.com\/@pt\/115623356242549830","error":""},"_links":{"self":[{"href":"https:\/\/www.europesays.com\/pt\/wp-json\/wp\/v2\/posts\/167421","targetHints":{"allow":["GET"]}}],"collection":[{"href":"https:\/\/www.europesays.com\/pt\/wp-json\/wp\/v2\/posts"}],"about":[{"href":"https:\/\/www.europesays.com\/pt\/wp-json\/wp\/v2\/types\/post"}],"author":[{"embeddable":true,"href":"https:\/\/www.europesays.com\/pt\/wp-json\/wp\/v2\/users\/2"}],"replies":[{"embeddable":true,"href":"https:\/\/www.europesays.com\/pt\/wp-json\/wp\/v2\/comments?post=167421"}],"version-history":[{"count":0,"href":"https:\/\/www.europesays.com\/pt\/wp-json\/wp\/v2\/posts\/167421\/revisions"}],"wp:featuredmedia":[{"embeddable":true,"href":"https:\/\/www.europesays.com\/pt\/wp-json\/wp\/v2\/media\/167422"}],"wp:attachment":[{"href":"https:\/\/www.europesays.com\/pt\/wp-json\/wp\/v2\/media?parent=167421"}],"wp:term":[{"taxonomy":"category","embeddable":true,"href":"https:\/\/www.europesays.com\/pt\/wp-json\/wp\/v2\/categories?post=167421"},{"taxonomy":"post_tag","embeddable":true,"href":"https:\/\/www.europesays.com\/pt\/wp-json\/wp\/v2\/tags?post=167421"}],"curies":[{"name":"wp","href":"https:\/\/api.w.org\/{rel}","templated":true}]}}