{"id":167427,"date":"2025-11-27T19:44:12","date_gmt":"2025-11-27T19:44:12","guid":{"rendered":"https:\/\/www.europesays.com\/pt\/167427\/"},"modified":"2025-11-27T19:44:12","modified_gmt":"2025-11-27T19:44:12","slug":"claudio-ramos-pica-cristina-ferreira-em-direto-sou-eu-que-digo-coisas-ao-teu-joao-tvi","status":"publish","type":"post","link":"https:\/\/www.europesays.com\/pt\/167427\/","title":{"rendered":"Cl\u00e1udio Ramos pica Cristina Ferreira em direto: \u00abSou eu que digo coisas ao teu Jo\u00e3o\u00bb &#8211; TVI"},"content":{"rendered":"<ol>\n<li><a href=\"https:\/\/news.google.com\/rss\/articles\/CBMi3AFBVV95cUxQZ3h4MHZkY3R4ZjdGYzRmRHpxWmJ6R2hCcDhhTldWdTUzd2VtMWZBbkdQV201WWxBWGZsXzVTR0U4QXk3V0VQUnBuOWJkUld6TTFLX1JCdmh2VDRhR3psSnFxZFFTR1gtZDI5dzBoYzY2STNpTF9ocDMtQzZqUndRRU00UWpUYjlCQ1Q2WXgycHdDYUdwYXdxY3JOX2I5S2c0ZGd0NDVMUEFxRk5GMTFIMzg5QVUtQTJWRXZZU2Jxdm4tbUtwNGpISHRnR29PV2gydkw0Y25tVGRTajdi?oc=5\" target=\"_blank\" rel=\"nofollow noopener\">Cl\u00e1udio Ramos pica Cristina Ferreira em direto: \u00abSou eu que digo coisas ao teu Jo\u00e3o\u00bb<\/a>&nbsp;&nbsp;TVI<\/li>\n<li><a href=\"https:\/\/news.google.com\/rss\/articles\/CBMimgFBVV95cUxOWVZhdlFqdEZWXzl2eWZQamYtU3E5VGpEYkFhRENUN09NdmV5WXdBXy14bXlHR0ZCQmt5NFlfWUxkREtEbXNwSTB2OFJLbTlIS2R0c2VISTlKU0tESWFyWEZHdVVmeXBrTWtKenRReHUzZExpbE5lZ2w0ai1rbC1RTFJrZk5aTDhJbUh2NjBoUjNrMlRaSEdxQ1RB?oc=5\" target=\"_blank\" rel=\"nofollow noopener\">&#8220;N\u00e3o vale tudo por jogo&#8221;: Pedro Jorge condena Leandro ap\u00f3s almo\u00e7o com Dylan<\/a>&nbsp;&nbsp;Hiper Fm<\/li>\n<li><a href=\"https:\/\/news.google.com\/rss\/articles\/CBMi7wFBVV95cUxPdFZOdEwyX3VQc1Q5ZlBPbGpyM1ZZUmZ6M0ZUNmlmTER6Q2hnSWZsdTNnelVRVWNEeXRFZU9TR0UtbHJ2eGxRWlI5REtiLTRDRzRibE45RnhKR3ktM3JJcWcwOW5semloWExGbWpPUF9iSk11ZFVNcnB5ZGdOYm5HVFFzcDZCNS1Ib2MybS1zejh5Yk9wTF9oczk3dTJmZkpuWXFvUS0xTHRpYnpLdXpsOWJuN25zUXFMdFBZck9RVm1EeG1aaGJ5dEg0NnNOVzBEYl9Nb2cteWVqdWZ6OGRLRk50czJrWW1JWi02TUd4NA?oc=5\" target=\"_blank\" rel=\"nofollow noopener\">\u00abTinha 23 anos, estava com 48 quilos\u00bb: Bruna emociona ao contar como descobriu que tinha um linfoma<\/a>&nbsp;&nbsp;TVI<\/li>\n<li><a href=\"https:\/\/news.google.com\/rss\/articles\/CBMiwAFBVV95cUxQNUhtYUx2N3Q3T3pPT1BjSzJXQUMzMTFHdU5USkxqUFAtVlZUWHRpak11X3phZXJYZG9wOExOdW5ialB3b1JUSW9WWWt2TXpMS3VZVk1UX1k2RURqakhSRkszYTBDdEtXc3F4UHhPejkyMW9waGhFRG5BRGRCRkpTMm12cEM3M0ZoT3VZWTV4cnpzUG5SNlhmc2FvSXh2TlNvYXpCOGRidEM2XzRHVTVRMXNZRVhvS3lYMkpXTS1XRDU?oc=5\" target=\"_blank\" rel=\"nofollow noopener\">Leandro e Liliana em discuss\u00e3o acesa no SS9: &#8220;Tu andares aqui a fazer qualquer coisa por 250 mil euros&#8221;<\/a>&nbsp;&nbsp;Dioguinho<\/li>\n<li><a href=\"https:\/\/news.google.com\/rss\/articles\/CBMixgFBVV95cUxPSkN0UFVZQ042QjNxZnJoczRKRjBiMVZkYUo0SXljbXJVOUlFTEZsUHUyeG5VX1hYZmtGdWtNbDlsTkwtcDc5TTVYT3Bhd3pnSk1yMzJxTVQxcVc2d3VRa29yNVFVaS1sTU5RUjRRa1MwOW5vTmk4THc4QzFqZXZJdmZGR0JTaF9pQzczQzFPRFdwdEVBcFR5NzNPaXpBMjA1bEV1eElGVmtDNmVzRGphdHZaNGh2QW1SSk9BNDBVdmNOdUx0a1E?oc=5\" target=\"_blank\" rel=\"nofollow noopener\">Explos\u00e3o na Casa dos Segredos: Dylan acusa Leandro de \u2018tratar pessoas como lixo\u2019 e promete confronto em direto<\/a>&nbsp;&nbsp;infocul.pt<\/li>\n<\/ol>\n","protected":false},"excerpt":{"rendered":"Cl\u00e1udio Ramos pica Cristina Ferreira em direto: \u00abSou eu que digo coisas ao teu Jo\u00e3o\u00bb&nbsp;&nbsp;TVI &#8220;N\u00e3o vale tudo&hellip;\n","protected":false},"author":2,"featured_media":167428,"comment_status":"","ping_status":"","sticky":false,"template":"","format":"standard","meta":{"footnotes":""},"categories":[142],"tags":[18706,329,166,114,115,18705,6470,32,33,151,18704],"class_list":{"0":"post-167427","1":"post","2":"type-post","3":"status-publish","4":"format-standard","5":"has-post-thumbnail","7":"category-tv","8":"tag-bastidores-secret-story","9":"tag-claudio-ramos","10":"tag-cristina-ferreira","11":"tag-entertainment","12":"tag-entretenimento","13":"tag-entrevistas-concorrentes-tvi","14":"tag-joao-monteiro","15":"tag-portugal","16":"tag-pt","17":"tag-tv","18":"tag-vida-fora-da-casa"},"share_on_mastodon":{"url":"https:\/\/pubeurope.com\/@pt\/115623379783314915","error":""},"_links":{"self":[{"href":"https:\/\/www.europesays.com\/pt\/wp-json\/wp\/v2\/posts\/167427","targetHints":{"allow":["GET"]}}],"collection":[{"href":"https:\/\/www.europesays.com\/pt\/wp-json\/wp\/v2\/posts"}],"about":[{"href":"https:\/\/www.europesays.com\/pt\/wp-json\/wp\/v2\/types\/post"}],"author":[{"embeddable":true,"href":"https:\/\/www.europesays.com\/pt\/wp-json\/wp\/v2\/users\/2"}],"replies":[{"embeddable":true,"href":"https:\/\/www.europesays.com\/pt\/wp-json\/wp\/v2\/comments?post=167427"}],"version-history":[{"count":0,"href":"https:\/\/www.europesays.com\/pt\/wp-json\/wp\/v2\/posts\/167427\/revisions"}],"wp:featuredmedia":[{"embeddable":true,"href":"https:\/\/www.europesays.com\/pt\/wp-json\/wp\/v2\/media\/167428"}],"wp:attachment":[{"href":"https:\/\/www.europesays.com\/pt\/wp-json\/wp\/v2\/media?parent=167427"}],"wp:term":[{"taxonomy":"category","embeddable":true,"href":"https:\/\/www.europesays.com\/pt\/wp-json\/wp\/v2\/categories?post=167427"},{"taxonomy":"post_tag","embeddable":true,"href":"https:\/\/www.europesays.com\/pt\/wp-json\/wp\/v2\/tags?post=167427"}],"curies":[{"name":"wp","href":"https:\/\/api.w.org\/{rel}","templated":true}]}}