{"id":167492,"date":"2025-11-27T20:54:10","date_gmt":"2025-11-27T20:54:10","guid":{"rendered":"https:\/\/www.europesays.com\/pt\/167492\/"},"modified":"2025-11-27T20:54:10","modified_gmt":"2025-11-27T20:54:10","slug":"museu-do-louvre-eleva-em-45-valor-para-estrangeiros-27-11-2025-turismo","status":"publish","type":"post","link":"https:\/\/www.europesays.com\/pt\/167492\/","title":{"rendered":"Museu do Louvre eleva em 45% valor para estrangeiros &#8211; 27\/11\/2025 &#8211; Turismo"},"content":{"rendered":"<p>O <a href=\"https:\/\/www1.folha.uol.com.br\/folha-topicos\/louvre\/\" rel=\"nofollow noopener\" target=\"_blank\">Louvre<\/a>, o museu mais visitado do mundo, aumentar\u00e1 em 45% o pre\u00e7o dos ingressos para visitantes extraeuropeus a partir de 2026 para equilibrar suas contas.<\/p>\n<p>A partir de 14 de janeiro, os visitantes de fora do Espa\u00e7o Econ\u00f4mico Europeu (EEE, que inclui a <a href=\"https:\/\/www1.folha.uol.com.br\/folha-topicos\/uniao-europeia\/\" rel=\"nofollow noopener\" target=\"\">Uni\u00e3o Europeia<\/a>, Isl\u00e2ndia, Liechtenstein e Noruega) ter\u00e3o que pagar 32 euros (R$ 198) para percorrer os 73 mil m\u00b2 do museu parisiense, ou seja, dez euros (R$ 62) a mais que o pre\u00e7o atual.<\/p>\n<p>O aumento foi aprovado nesta quinta-feira (27) pelo conselho de administra\u00e7\u00e3o do Louvre e ser\u00e1 aplicado, entre outros, aos<a href=\"https:\/\/www1.folha.uol.com.br\/folha-topicos\/estados-unidos\/\" rel=\"nofollow noopener\" target=\"\"> americanos<\/a>, o principal contingente de visitantes estrangeiros, e aos chineses, que ocupam o terceiro lugar, segundo o balan\u00e7o de atividades de 2024 do museu. Brasileiros tamb\u00e9m pagar\u00e3o o novo valor.<\/p>\n<p>Segundo esse documento, o Louvre recebeu 8,7 milh\u00f5es de pessoas no ano passado, das quais 69% eram estrangeiras. O museu est\u00e1 envolvido em uma pol\u00eamica ap\u00f3s o <a href=\"https:\/\/www1.folha.uol.com.br\/amp\/mundo\/2025\/11\/franca-detem-4-outros-suspeitos-em-investigacao-sobre-roubo-do-louvre.shtml\" rel=\"nofollow noopener\" target=\"\">roubo espetacular de 19 de outubro<\/a>, que gerou grande repercuss\u00e3o. Com esse aumento, espera obter entre 15 e 20 milh\u00f5es de euros (entre R$ 93 e 124 milh\u00f5es) adicionais por ano, que ser\u00e3o destinados aos problemas estruturais do museu, informou a institui\u00e7\u00e3o \u00e0 AFP.<\/p>\n<p>Segundo um relat\u00f3rio recente do Tribunal de Contas, o Louvre enfrenta uma montanha de investimentos que n\u00e3o est\u00e1 em condi\u00e7\u00f5es de financiar, em particular pela falta de uma prioriza\u00e7\u00e3o clara de seus numerosos projetos.<\/p>\n<p>O roubo de 19 de outubro tamb\u00e9m evidenciou <a href=\"https:\/\/www1.folha.uol.com.br\/ilustrada\/2025\/11\/relatorio-de-2018-mostrou-risco-em-janela-do-louvre-usada-para-roubar-joias.shtml\" rel=\"nofollow noopener\" target=\"\">equipamentos insuficientes nos dispositivos de seguran\u00e7a<\/a>, segundo a investiga\u00e7\u00e3o administrativa aberta ap\u00f3s o furto de joias da coroa francesa. Em janeiro de 2024, o pre\u00e7o da entrada do Louvre j\u00e1 havia passado de 17 para 22 euros (R$ 105 e 136) para todos os visitantes.<\/p>\n<p>Os sindicatos criticaram de forma un\u00e2nime o aumento do pre\u00e7o da entrada para os n\u00e3o europeus em nome do universalismo do Louvre e do acesso igualit\u00e1rio \u00e0s suas cole\u00e7\u00f5es.<\/p>\n","protected":false},"excerpt":{"rendered":"O Louvre, o museu mais visitado do mundo, aumentar\u00e1 em 45% o pre\u00e7o dos ingressos para visitantes extraeuropeus&hellip;\n","protected":false},"author":2,"featured_media":167493,"comment_status":"","ping_status":"","sticky":false,"template":"","format":"standard","meta":{"footnotes":""},"categories":[144],"tags":[1932,207,205,206,203,201,202,204,114,115,445,3755,236,208,19606,27439,17544,2458,32,33,35196,1456],"class_list":{"0":"post-167492","1":"post","2":"type-post","3":"status-publish","4":"format-standard","5":"has-post-thumbnail","7":"category-arte-e-design","8":"tag-afp","9":"tag-arte","10":"tag-arte-e-design","11":"tag-artedesign","12":"tag-arts","13":"tag-arts-and-design","14":"tag-artsanddesign","15":"tag-design","16":"tag-entertainment","17":"tag-entretenimento","18":"tag-europa","19":"tag-ferias","20":"tag-folha","21":"tag-franca","22":"tag-ingressos","23":"tag-louvre","24":"tag-museus","25":"tag-paris","26":"tag-portugal","27":"tag-pt","28":"tag-recesso","29":"tag-turismo"},"share_on_mastodon":{"url":"https:\/\/pubeurope.com\/@pt\/115623655046039736","error":""},"_links":{"self":[{"href":"https:\/\/www.europesays.com\/pt\/wp-json\/wp\/v2\/posts\/167492","targetHints":{"allow":["GET"]}}],"collection":[{"href":"https:\/\/www.europesays.com\/pt\/wp-json\/wp\/v2\/posts"}],"about":[{"href":"https:\/\/www.europesays.com\/pt\/wp-json\/wp\/v2\/types\/post"}],"author":[{"embeddable":true,"href":"https:\/\/www.europesays.com\/pt\/wp-json\/wp\/v2\/users\/2"}],"replies":[{"embeddable":true,"href":"https:\/\/www.europesays.com\/pt\/wp-json\/wp\/v2\/comments?post=167492"}],"version-history":[{"count":0,"href":"https:\/\/www.europesays.com\/pt\/wp-json\/wp\/v2\/posts\/167492\/revisions"}],"wp:featuredmedia":[{"embeddable":true,"href":"https:\/\/www.europesays.com\/pt\/wp-json\/wp\/v2\/media\/167493"}],"wp:attachment":[{"href":"https:\/\/www.europesays.com\/pt\/wp-json\/wp\/v2\/media?parent=167492"}],"wp:term":[{"taxonomy":"category","embeddable":true,"href":"https:\/\/www.europesays.com\/pt\/wp-json\/wp\/v2\/categories?post=167492"},{"taxonomy":"post_tag","embeddable":true,"href":"https:\/\/www.europesays.com\/pt\/wp-json\/wp\/v2\/tags?post=167492"}],"curies":[{"name":"wp","href":"https:\/\/api.w.org\/{rel}","templated":true}]}}