{"id":167498,"date":"2025-11-27T21:07:42","date_gmt":"2025-11-27T21:07:42","guid":{"rendered":"https:\/\/www.europesays.com\/pt\/167498\/"},"modified":"2025-11-27T21:07:42","modified_gmt":"2025-11-27T21:07:42","slug":"rui-borges-nos-ajudamos-sao-estes-os-pontos-suficientes-para-ir-ao-play-off-da-champions","status":"publish","type":"post","link":"https:\/\/www.europesays.com\/pt\/167498\/","title":{"rendered":"Rui Borges, n\u00f3s ajudamos: s\u00e3o estes os pontos suficientes para ir ao &#8216;play off&#8217; da Champions"},"content":{"rendered":"<p>Rui Borges admitiu na confer\u00eancia de imprensa de antevis\u00e3o ao duelo da noite desta quarta-feira com o <a class=\"autolink-enabled\" data-resource-id=\"417\" data-resource-type=\"team\" data-sport=\"football\" href=\"https:\/\/www.abola.pt\/futebol\/club-brugge-417\" rel=\"nofollow noopener\" target=\"_blank\">Club Brugge<\/a> que n\u00e3o sabia se 10 pontos seriam \u00abou n\u00e3o\u00bb suficientes para apurar o <a class=\"autolink-enabled\" data-resource-id=\"448\" data-resource-type=\"team\" data-sport=\"football\" href=\"https:\/\/www.abola.pt\/futebol\/sporting-448\" rel=\"nofollow noopener\" target=\"_blank\">Sporting<\/a> para o play-off (esp\u00e9cie de 16 avos de final) da <a class=\"autolink-enabled\" data-resource-id=\"27\" data-resource-type=\"competition\" data-sport=\"football\" href=\"https:\/\/www.abola.pt\/futebol\/competicao\/uefa-champions-league-27\" rel=\"nofollow noopener\" target=\"_blank\">UEFA Champions League<\/a>. Pois, A BOLA fez as contas e est\u00e1 em condi\u00e7\u00f5es de ajudar o treinador dos le\u00f5es.<\/p>\n<p>E podemos confirmar: 10 pontos ser\u00e3o suficientes para qualquer equipa se qualificar para a fase seguinte da Liga milion\u00e1ria &#8211; entre o 9.\u00ba e o 24.\u00ba, todos seguem para o play-off. Ou seja, o Sporting, que neste momento soma sete, fica a saber que, vencendo esta noite o conjunto belga, est\u00e1 qualificado para a ronda a eliminar. <\/p>\n<p>Mais: perante determinados resultados, at\u00e9 pode ser poss\u00edvel conseguir o apuramento com somente 9 pontos. Mas isso s\u00e3o outras contas. Repetimos: 10 pontos s\u00e3o garantia de perman\u00eancia na Champions para l\u00e1 da fase de liga.<\/p>\n<p>Quanto \u00e0 qualifica\u00e7\u00e3o direta para os oitavos de final, assegurada para os primeiros oito classificados da atual fase, \u00e9 hoje seguro dizer que com 18 pontos esse apuramento est\u00e1 garantido, sendo que &#8211; e, mais uma vez, mediante determinados resultados &#8211; \u00e9 poss\u00edvel que, at\u00e9, 16 pontos sejam suficientes.<\/p>\n<p>Confira, entretanto, como est\u00e1 a classifica\u00e7\u00e3o atual da fase de liga da UEFA Champions League:<\/p>\n","protected":false},"excerpt":{"rendered":"Rui Borges admitiu na confer\u00eancia de imprensa de antevis\u00e3o ao duelo da noite desta quarta-feira com o Club&hellip;\n","protected":false},"author":2,"featured_media":167499,"comment_status":"","ping_status":"","sticky":false,"template":"","format":"standard","meta":{"footnotes":""},"categories":[8],"tags":[27,28,15,16,14,25,26,21,22,12,13,19,20,32,23,24,33,17,18,29,30,31],"class_list":{"0":"post-167498","1":"post","2":"type-post","3":"status-publish","4":"format-standard","5":"has-post-thumbnail","7":"category-principais-noticias","8":"tag-breaking-news","9":"tag-breakingnews","10":"tag-featured-news","11":"tag-featurednews","12":"tag-headlines","13":"tag-latest-news","14":"tag-latestnews","15":"tag-main-news","16":"tag-mainnews","17":"tag-news","18":"tag-noticias","19":"tag-noticias-principais","20":"tag-noticiasprincipais","21":"tag-portugal","22":"tag-principais-noticias","23":"tag-principaisnoticias","24":"tag-pt","25":"tag-top-stories","26":"tag-topstories","27":"tag-ultimas","28":"tag-ultimas-noticias","29":"tag-ultimasnoticias"},"share_on_mastodon":{"url":"https:\/\/pubeurope.com\/@pt\/115623706555246232","error":""},"_links":{"self":[{"href":"https:\/\/www.europesays.com\/pt\/wp-json\/wp\/v2\/posts\/167498","targetHints":{"allow":["GET"]}}],"collection":[{"href":"https:\/\/www.europesays.com\/pt\/wp-json\/wp\/v2\/posts"}],"about":[{"href":"https:\/\/www.europesays.com\/pt\/wp-json\/wp\/v2\/types\/post"}],"author":[{"embeddable":true,"href":"https:\/\/www.europesays.com\/pt\/wp-json\/wp\/v2\/users\/2"}],"replies":[{"embeddable":true,"href":"https:\/\/www.europesays.com\/pt\/wp-json\/wp\/v2\/comments?post=167498"}],"version-history":[{"count":0,"href":"https:\/\/www.europesays.com\/pt\/wp-json\/wp\/v2\/posts\/167498\/revisions"}],"wp:featuredmedia":[{"embeddable":true,"href":"https:\/\/www.europesays.com\/pt\/wp-json\/wp\/v2\/media\/167499"}],"wp:attachment":[{"href":"https:\/\/www.europesays.com\/pt\/wp-json\/wp\/v2\/media?parent=167498"}],"wp:term":[{"taxonomy":"category","embeddable":true,"href":"https:\/\/www.europesays.com\/pt\/wp-json\/wp\/v2\/categories?post=167498"},{"taxonomy":"post_tag","embeddable":true,"href":"https:\/\/www.europesays.com\/pt\/wp-json\/wp\/v2\/tags?post=167498"}],"curies":[{"name":"wp","href":"https:\/\/api.w.org\/{rel}","templated":true}]}}