{"id":167504,"date":"2025-11-27T21:12:11","date_gmt":"2025-11-27T21:12:11","guid":{"rendered":"https:\/\/www.europesays.com\/pt\/167504\/"},"modified":"2025-11-27T21:12:11","modified_gmt":"2025-11-27T21:12:11","slug":"taylor-swift-lanca-remix-de-the-fate-of-ophelia-com-the-chainsmokers-radio-mix-fm","status":"publish","type":"post","link":"https:\/\/www.europesays.com\/pt\/167504\/","title":{"rendered":"Taylor Swift lan\u00e7a remix de &#8220;The Fate of Ophelia&#8221;, com The Chainsmokers \u2013 R\u00e1dio Mix FM"},"content":{"rendered":"<p><img decoding=\"async\" loading=\"lazy\" src=\"https:\/\/www.europesays.com\/pt\/wp-content\/uploads\/2025\/11\/taylor-swift-the-chainsmokers.jpg\" alt=\"\" class=\"wp-image-577371\" width=\"840\" height=\"315\"\/>Fotos: Divulga\u00e7\u00e3o<\/p>\n<p>O destino de Ophelia continua surpreendendo!<\/p>\n<p>Nesta quarta-feira (26), o perfil <strong>Taylor Nation<\/strong>, respons\u00e1vel por anunciar as \u00faltimas novidades da carreira de <strong>Taylor Swift<\/strong>, divulgou uma nova vers\u00e3o da m\u00fasica <strong><a href=\"https:\/\/radiomixfm.com.br\/taylor-swift-lanca-clipe-oficial-de-the-fate-of-ophelia\/\" target=\"_blank\" rel=\"noreferrer noopener nofollow\">\u201cThe Fate of Ophelia\u201d<\/a><\/strong>.<\/p>\n<p>Depois do lead single de <strong><a href=\"https:\/\/radiomixfm.com.br\/thats-showbusiness-taylor-swift-lanca-o-album-the-life-of-a-showgirl\/\" target=\"_blank\" rel=\"noreferrer noopener nofollow\">\u201cThe Life of a Showgirl\u201d<\/a><\/strong> ter ganhado uma vers\u00e3o ac\u00fastica, agora foi liberado um <strong>remix <\/strong>de \u201cThe Fate of Ophelia\u201d, com novos vocais de Taylor Swift e em parceria com o duo <strong>The Chainsmokers<\/strong>.<\/p>\n<p>Apesar da nova vers\u00e3o ainda n\u00e3o ter sido lan\u00e7ada oficialmente nas plataformas digitais, \u00e9 poss\u00edvel ouvir ao remix de \u201cThe Fate of Ophelia\u201d no <strong>YouTube, iTunes e Amazon Music<\/strong>.<\/p>\n<p>Em meio ao sucesso da era \u201cThe Life of a Showgirl\u201d, vale lembrar que Taylor Swift tamb\u00e9m est\u00e1 prestes a lan\u00e7ar a <strong><a href=\"https:\/\/radiomixfm.com.br\/taylor-swift-divulga-trailer-oficial-da-serie-documental-the-end-of-an-era\/\" target=\"_blank\" rel=\"noreferrer noopener nofollow\">nova s\u00e9rie documental \u201cThe Eras Tour | The Final Show\u201d<\/a><\/strong>, sobre a ic\u00f4nica <strong>\u201cThe Eras Tour\u201d<\/strong>.<\/p>\n","protected":false},"excerpt":{"rendered":"Fotos: Divulga\u00e7\u00e3o O destino de Ophelia continua surpreendendo! Nesta quarta-feira (26), o perfil Taylor Nation, respons\u00e1vel por anunciar&hellip;\n","protected":false},"author":2,"featured_media":167505,"comment_status":"","ping_status":"","sticky":false,"template":"","format":"standard","meta":{"footnotes":""},"categories":[141],"tags":[114,115,4696,339,149,150,32,33,1973,35200,35201,25475,35202,9352],"class_list":{"0":"post-167504","1":"post","2":"type-post","3":"status-publish","4":"format-standard","5":"has-post-thumbnail","7":"category-musica","8":"tag-entertainment","9":"tag-entretenimento","10":"tag-lanu00e7amento","11":"tag-mu00fasica","12":"tag-music","13":"tag-musica","14":"tag-portugal","15":"tag-pt","16":"tag-taylor-swift","17":"tag-taylor-swift-the-chainsmokers","18":"tag-the-chainsmokers","19":"tag-the-fate-of-ophelia","20":"tag-the-fate-of-ophelia-remix","21":"tag-the-life-of-a-showgirl"},"share_on_mastodon":{"url":"https:\/\/pubeurope.com\/@pt\/115623726381825578","error":""},"_links":{"self":[{"href":"https:\/\/www.europesays.com\/pt\/wp-json\/wp\/v2\/posts\/167504","targetHints":{"allow":["GET"]}}],"collection":[{"href":"https:\/\/www.europesays.com\/pt\/wp-json\/wp\/v2\/posts"}],"about":[{"href":"https:\/\/www.europesays.com\/pt\/wp-json\/wp\/v2\/types\/post"}],"author":[{"embeddable":true,"href":"https:\/\/www.europesays.com\/pt\/wp-json\/wp\/v2\/users\/2"}],"replies":[{"embeddable":true,"href":"https:\/\/www.europesays.com\/pt\/wp-json\/wp\/v2\/comments?post=167504"}],"version-history":[{"count":0,"href":"https:\/\/www.europesays.com\/pt\/wp-json\/wp\/v2\/posts\/167504\/revisions"}],"wp:featuredmedia":[{"embeddable":true,"href":"https:\/\/www.europesays.com\/pt\/wp-json\/wp\/v2\/media\/167505"}],"wp:attachment":[{"href":"https:\/\/www.europesays.com\/pt\/wp-json\/wp\/v2\/media?parent=167504"}],"wp:term":[{"taxonomy":"category","embeddable":true,"href":"https:\/\/www.europesays.com\/pt\/wp-json\/wp\/v2\/categories?post=167504"},{"taxonomy":"post_tag","embeddable":true,"href":"https:\/\/www.europesays.com\/pt\/wp-json\/wp\/v2\/tags?post=167504"}],"curies":[{"name":"wp","href":"https:\/\/api.w.org\/{rel}","templated":true}]}}