{"id":167508,"date":"2025-11-27T21:19:21","date_gmt":"2025-11-27T21:19:21","guid":{"rendered":"https:\/\/www.europesays.com\/pt\/167508\/"},"modified":"2025-11-27T21:19:21","modified_gmt":"2025-11-27T21:19:21","slug":"o-novo-paraiso-dos-fugitivos","status":"publish","type":"post","link":"https:\/\/www.europesays.com\/pt\/167508\/","title":{"rendered":"O novo para\u00edso dos fugitivos"},"content":{"rendered":"<p>Pedro Hungarez viveu, rodeado de amigos, entre os quais o sr. Z\u00e9 Osmar, entrevistado pelo DN em 2018, entre as cidades paulistas de Serra Negra, Caieiras, Diadema, Embu, Campos de Jord\u00e3o e S\u00e3o Paulo, at\u00e9 morrer de ataque card\u00edaco, em 1979, enquanto tomava banho na praia de Bertioga. Hungarez, na verdade, chamava-se Josef Mengele e \u00e9 considerado respons\u00e1vel pela morte de 400 mil pessoas em Auschwitz-Birkenau.<\/p>\n<p>Ronnie Biggs, um dos membros da quadrilha que assaltou em 1963 um comboio-correio em Buckinghamshire, passou a maior parte dos 36 anos como fugitivo da pol\u00edcia a morar suavemente no Rio de Janeiro. Chegou a gravar um disco de jazz e costumava contar detalhes do roubo a turistas em animados churrascos no quintal de casa.<\/p>\n<p>Tommaso Buscetta, o poderoso chefe da Cosa Nostra que se tornou o mais famoso delator da organiza\u00e7\u00e3o, escolheu o Brasil como rota de fuga das autoridades italianas em tr\u00eas ocasi\u00f5es nos anos 70, pa\u00eds onde montou neg\u00f3cio, casou e constituiu fam\u00edlia.\u00a0<\/p>\n<p>Mas, em 2010, Nestor Caro-Chaparro, um dos quatro maiores traficantes de droga da Col\u00f4mbia, foi preso num apartamento de luxo de Copacabana, n\u00e3o muito longe do porto do Rio, de onde enviava containers com coca\u00edna para os EUA. Menos de um ano depois, agentes da US Marshall Service escoltaram-no rumo ao pa\u00eds norte-americano.\u00a0<\/p>\n<p>Caro-Chaparro foi o primeiro caso de sucesso do programa Fim da Linha, lan\u00e7ado em 2009 pelo governo brasileiro, com o objetivo de apagar a fama de \u201cpara\u00edso dos fugitivos\u201d que o pa\u00eds carregava por causa de Mengele, Biggs, Buscetta e outros criminosos.<\/p>\n<p>A imagem, entretanto, n\u00e3o s\u00f3 foi apagada como invertida. Hoje s\u00e3o os EUA o destino dos foragidos.\u00a0<\/p>\n<p>O ex-chefe do servi\u00e7o de intelig\u00eancia, Alexandre Ramagem, condenado a 16 anos no julgamento do golpe, foi localizado num condom\u00ednio com lago artificial e praia particular na Florida, na semana passada. O Supremo Tribunal Federal (STF) j\u00e1 pediu a inclus\u00e3o do nome dele na difus\u00e3o vermelha da Interpol.<\/p>\n<p>Antes, foi a vez da deputada bolsonarista Carla Zambelli gravar um v\u00eddeo nos EUA, para onde escapara via Argentina, mesmo condenada por porte ilegal de arma &#8211; andou a perseguir um jornalista de pistola na m\u00e3os nas ruas de S\u00e3o Paulo &#8211; e por ter invadido o sistema eletr\u00f3nico do Conselho Nacional de Justi\u00e7a com um amigo hacker.\u00a0<\/p>\n<p>No mesmo dia em que o STF pediu a apreens\u00e3o do passaporte de Eduardo Bolsonaro, o deputado j\u00e1 estava nos EUA, de onde vem liderando um l\u00f3bi contra a economia brasileira.<\/p>\n<p>O pai dele, Jair Bolsonaro, logo depois de perder as elei\u00e7\u00f5es e mesmo j\u00e1 com dezenas de pend\u00eancias na justi\u00e7a, tamb\u00e9m foi para os EUA acompanhar \u00e0 dist\u00e2ncia a invas\u00e3o \u00e0 Pra\u00e7a dos Tr\u00eas Poderes de 8 de janeiro de 2023.\u00a0<\/p>\n<p>Por l\u00e1, estava j\u00e1 o bolsonarista Anderson Torres, ex-ministro da Justi\u00e7a, em cuja casa foi encontrada uma minuta com o passo a passo do golpe.<\/p>\n<p>Est\u00e1 na hora dos EUA aprovarem um programa tipo Fim da Linha para n\u00e3o carregarem a fama de \u201cnovo para\u00edso dos fugitivos\u201d.<\/p>\n<p>Jornalista, correspondente em S\u00e3o Paulo<\/p>\n","protected":false},"excerpt":{"rendered":"Pedro Hungarez viveu, rodeado de amigos, entre os quais o sr. Z\u00e9 Osmar, entrevistado pelo DN em 2018,&hellip;\n","protected":false},"author":2,"featured_media":35997,"comment_status":"","ping_status":"","sticky":false,"template":"","format":"standard","meta":{"footnotes":""},"categories":[50],"tags":[726,27,28,15,16,35204,14,35203,603,25,26,21,22,62,12,13,19,20,835,23,24,17,18,29,30,31,63,64,65],"class_list":{"0":"post-167508","1":"post","2":"type-post","3":"status-publish","4":"format-standard","5":"has-post-thumbnail","7":"category-mundo","8":"tag-brasil","9":"tag-breaking-news","10":"tag-breakingnews","11":"tag-featured-news","12":"tag-featurednews","13":"tag-fugitivos","14":"tag-headlines","15":"tag-joao-almeida-moreira","16":"tag-justica","17":"tag-latest-news","18":"tag-latestnews","19":"tag-main-news","20":"tag-mainnews","21":"tag-mundo","22":"tag-news","23":"tag-noticias","24":"tag-noticias-principais","25":"tag-noticiasprincipais","26":"tag-opiniao","27":"tag-principais-noticias","28":"tag-principaisnoticias","29":"tag-top-stories","30":"tag-topstories","31":"tag-ultimas","32":"tag-ultimas-noticias","33":"tag-ultimasnoticias","34":"tag-world","35":"tag-world-news","36":"tag-worldnews"},"share_on_mastodon":{"url":"https:\/\/pubeurope.com\/@pt\/115623753448129592","error":""},"_links":{"self":[{"href":"https:\/\/www.europesays.com\/pt\/wp-json\/wp\/v2\/posts\/167508","targetHints":{"allow":["GET"]}}],"collection":[{"href":"https:\/\/www.europesays.com\/pt\/wp-json\/wp\/v2\/posts"}],"about":[{"href":"https:\/\/www.europesays.com\/pt\/wp-json\/wp\/v2\/types\/post"}],"author":[{"embeddable":true,"href":"https:\/\/www.europesays.com\/pt\/wp-json\/wp\/v2\/users\/2"}],"replies":[{"embeddable":true,"href":"https:\/\/www.europesays.com\/pt\/wp-json\/wp\/v2\/comments?post=167508"}],"version-history":[{"count":0,"href":"https:\/\/www.europesays.com\/pt\/wp-json\/wp\/v2\/posts\/167508\/revisions"}],"wp:featuredmedia":[{"embeddable":true,"href":"https:\/\/www.europesays.com\/pt\/wp-json\/wp\/v2\/media\/35997"}],"wp:attachment":[{"href":"https:\/\/www.europesays.com\/pt\/wp-json\/wp\/v2\/media?parent=167508"}],"wp:term":[{"taxonomy":"category","embeddable":true,"href":"https:\/\/www.europesays.com\/pt\/wp-json\/wp\/v2\/categories?post=167508"},{"taxonomy":"post_tag","embeddable":true,"href":"https:\/\/www.europesays.com\/pt\/wp-json\/wp\/v2\/tags?post=167508"}],"curies":[{"name":"wp","href":"https:\/\/api.w.org\/{rel}","templated":true}]}}