{"id":167509,"date":"2025-11-27T21:20:30","date_gmt":"2025-11-27T21:20:30","guid":{"rendered":"https:\/\/www.europesays.com\/pt\/167509\/"},"modified":"2025-11-27T21:20:30","modified_gmt":"2025-11-27T21:20:30","slug":"professora-de-54-anos-desaparecida-em-arraiolos","status":"publish","type":"post","link":"https:\/\/www.europesays.com\/pt\/167509\/","title":{"rendered":"Professora de 54 anos desaparecida em Arraiolos"},"content":{"rendered":"<p data-remotead-prev-elm=\"true\" data-remotead-elm-id=\"inread\">A fonte do Comando Territorial de \u00c9vora da GNR indicou \u00e0 ag\u00eancia Lusa que a mulher, professora de profiss\u00e3o, saiu de casa na quarta-feira \u00e0 tarde e n\u00e3o regressou, tendo o marido dado o alerta para o seu desaparecimento \u00e0 GNR, entre as 22 horas e as 23 horas dessa noite. A mulher deixou o telem\u00f3vel em casa e o autom\u00f3vel estacionado junto \u00e0 resid\u00eancia, adiantou.<\/p>\n<p>Ap\u00f3s o alerta, acrescentou a mesma fonte, iniciaram-se as buscas para encontrar a mulher, envolvendo a GNR, com v\u00e1rias val\u00eancias, e bombeiros da corpora\u00e7\u00e3o de Arraiolos.<\/p>\n<p>Segundo fonte do Comando Sub-Regional de Emerg\u00eancia e Prote\u00e7\u00e3o Civil do Alentejo Central, cerca das 14 horas de hoje, estavam envolvidos nas buscas 17 operacionais dos bombeiros e da GNR, apoiados por seis ve\u00edculos.<\/p>\n","protected":false},"excerpt":{"rendered":"A fonte do Comando Territorial de \u00c9vora da GNR indicou \u00e0 ag\u00eancia Lusa que a mulher, professora de&hellip;\n","protected":false},"author":2,"featured_media":167510,"comment_status":"","ping_status":"","sticky":false,"template":"","format":"standard","meta":{"footnotes":""},"categories":[10],"tags":[27,28,6031,35205,15,16,14,25,26,21,22,12,13,19,20,32,23,24,33,17,18,29,30,31],"class_list":{"0":"post-167509","1":"post","2":"type-post","3":"status-publish","4":"format-standard","5":"has-post-thumbnail","7":"category-portugal","8":"tag-breaking-news","9":"tag-breakingnews","10":"tag-buscas","11":"tag-concelho-arraiolos","12":"tag-featured-news","13":"tag-featurednews","14":"tag-headlines","15":"tag-latest-news","16":"tag-latestnews","17":"tag-main-news","18":"tag-mainnews","19":"tag-news","20":"tag-noticias","21":"tag-noticias-principais","22":"tag-noticiasprincipais","23":"tag-portugal","24":"tag-principais-noticias","25":"tag-principaisnoticias","26":"tag-pt","27":"tag-top-stories","28":"tag-topstories","29":"tag-ultimas","30":"tag-ultimas-noticias","31":"tag-ultimasnoticias"},"share_on_mastodon":{"url":"https:\/\/pubeurope.com\/@pt\/115623757836030369","error":""},"_links":{"self":[{"href":"https:\/\/www.europesays.com\/pt\/wp-json\/wp\/v2\/posts\/167509","targetHints":{"allow":["GET"]}}],"collection":[{"href":"https:\/\/www.europesays.com\/pt\/wp-json\/wp\/v2\/posts"}],"about":[{"href":"https:\/\/www.europesays.com\/pt\/wp-json\/wp\/v2\/types\/post"}],"author":[{"embeddable":true,"href":"https:\/\/www.europesays.com\/pt\/wp-json\/wp\/v2\/users\/2"}],"replies":[{"embeddable":true,"href":"https:\/\/www.europesays.com\/pt\/wp-json\/wp\/v2\/comments?post=167509"}],"version-history":[{"count":0,"href":"https:\/\/www.europesays.com\/pt\/wp-json\/wp\/v2\/posts\/167509\/revisions"}],"wp:featuredmedia":[{"embeddable":true,"href":"https:\/\/www.europesays.com\/pt\/wp-json\/wp\/v2\/media\/167510"}],"wp:attachment":[{"href":"https:\/\/www.europesays.com\/pt\/wp-json\/wp\/v2\/media?parent=167509"}],"wp:term":[{"taxonomy":"category","embeddable":true,"href":"https:\/\/www.europesays.com\/pt\/wp-json\/wp\/v2\/categories?post=167509"},{"taxonomy":"post_tag","embeddable":true,"href":"https:\/\/www.europesays.com\/pt\/wp-json\/wp\/v2\/tags?post=167509"}],"curies":[{"name":"wp","href":"https:\/\/api.w.org\/{rel}","templated":true}]}}