{"id":167511,"date":"2025-11-27T21:21:09","date_gmt":"2025-11-27T21:21:09","guid":{"rendered":"https:\/\/www.europesays.com\/pt\/167511\/"},"modified":"2025-11-27T21:21:09","modified_gmt":"2025-11-27T21:21:09","slug":"as-notas-dos-jogadores-do-fc-porto-oh-la-la-gabri-veiga","status":"publish","type":"post","link":"https:\/\/www.europesays.com\/pt\/167511\/","title":{"rendered":"As notas dos jogadores do FC Porto: &#8216;Oh l\u00e0 l\u00e0&#8217; Gabri Veiga!"},"content":{"rendered":"<p>                O melhor em campo: Gabri Veiga (8)<\/p>\n<p>            Aproveitando um trabalho bem feito a todos os n\u00edveis, da sa\u00edda de bola com o dedo de Farioli ao trabalho brilhante de Pep\u00ea no lado direito, entrou em a\u00e7\u00e3o aos 18 segundos para deixar o nome no golo mais r\u00e1pido do FC Porto na Europa do futebol. Mesmo n\u00e3o sendo jogador para usar a express\u00e3o &#8216;f\u00faria espanhola&#8217;, notava-se que estava com vontade de voltar a aparecer e assim foi. E como foi. Aos 33&#8242;, quando a equipa estava a deixar-se dormir, recebeu convite perfeito de Froholdt, entrou na \u00e1rea do Nice como faca quente em manteiga e finalizou de p\u00e9 esquerdo, impec\u00e1vel. Quanto a golos, estamos conversados, mas ainda apareceu no passe que estaria na origem da queda de Samu e do pen\u00e1lti transformado em 3-0. Andou a dar baile aos franceses aos 65&#8242; e quase sofria a brincadeira na pele. Saiu aos 80&#8242;, para a ova\u00e7\u00e3o.<\/p>\n<p><a target=\"_blank\" class=\"editor-link autolink-enabled\" href=\"https:\/\/www.abola.pt\/futebol\/jogador\/diogo-costa-125092\" data-resource-id=\"125092\" data-resource-type=\"player\" data-sport=\"football\" rel=\"nofollow noopener\"><strong>Diogo Costa<\/strong><\/a><strong> (5)<\/strong> \u2014 Aos 52&#8242; foi ao ch\u00e3o para travar um ataque do Nice e sujou o equipamento, uma raridade na partida. Deve ter tido poucos jogos t\u00e3o f\u00e1ceis como este duelo europeu do <a class=\"autolink-enabled\" data-resource-id=\"451\" data-resource-type=\"team\" data-sport=\"football\" href=\"https:\/\/www.abola.pt\/futebol\/fc-porto-451\" rel=\"nofollow noopener\" target=\"_blank\">FC Porto<\/a>.<\/p>\n<p><strong>Alberto Costa (7)<\/strong> \u2014 Esteve no 1-0 e esteve em muito mais, fazendo do flanco direito uma aut\u00eantica auto-estrada portista para o ataque. Desequilibrou e n\u00e3o se esqueceu de defender, ganhando v\u00e1rias vezes com recurso \u00e0 velocidade e \u00e0 estatura f\u00edsica.<\/p>\n<p><strong><a class=\"autolink-enabled\" data-resource-id=\"89703\" data-resource-type=\"player\" data-sport=\"football\" href=\"https:\/\/www.abola.pt\/futebol\/jogador\/pablo-rosario-89703\" rel=\"nofollow noopener\" target=\"_blank\">Pablo Rosario<\/a> (6)<\/strong> \u2014 Competente no papel de central, n\u00e3o tendo tanto trabalho como provavelmente esperaria, mas resolvendo o que havia para resolver. Depois, a meio-campo tamb\u00e9m cumpriu, sem especial brilho, mas com efic\u00e1cia. Deu claramente para as encomendas.<\/p>\n<p><strong><a class=\"autolink-enabled\" data-resource-id=\"204106\" data-resource-type=\"player\" data-sport=\"football\" href=\"https:\/\/www.abola.pt\/futebol\/jogador\/jakub-kiwior-204106\" rel=\"nofollow noopener\" target=\"_blank\">Kiwior<\/a> (5)<\/strong> \u2014 Permitiu que Moffi fugisse com demasiada facilidade aos 19&#8242;, aos 70&#8242; foi novamente batido em velocidade em zona menos perigosa, mas no intervalo destes dois lances conseguiu tamb\u00e9m resolver alguns problemas.<\/p>\n<p><strong>Francisco Moura (5) <\/strong>\u2014 Moderado, muito moderado, este lateral que adora surgir na \u00e1rea advers\u00e1ria a desequilibrar. Na primeira parte n\u00e3o teve praticamente bola para jogar, pois o FC Porto s\u00f3 jogava pela direita, no segundo tempo foi visto uma ou outra vez a combinar com Deniz Gul, sem grande exuber\u00e2ncia. Atr\u00e1s, naturalmente, fez o seu trabalho, com um ou outro sobressalto.<\/p>\n<p><strong>Froholdt (7)<\/strong> \u2014 Conhecido pela sua velocidade, pelo menos no ranking dos m\u00e9dios, aos 19 minutos n\u00e3o teve pernas para ir atr\u00e1s de Moffi, tal o disparo do atacante do Nice. Mas n\u00e3o foi o culpado da situa\u00e7\u00e3o e n\u00e3o acusou o lance. Muito pelo contr\u00e1rio, pois fez trabalho impec\u00e1vel, bonito, na constru\u00e7\u00e3o do 2-0: qualidade t\u00e9cnica e discernimento para perceber que Gabri Veiga estava mesmo a jeito para ser servido. Sempre dispon\u00edvel e din\u00e2mico at\u00e9 sair, aos 73&#8242;.<\/p>\n<p><strong><a class=\"autolink-enabled\" data-resource-id=\"226772\" data-resource-type=\"player\" data-sport=\"football\" href=\"https:\/\/www.abola.pt\/futebol\/jogador\/alan-varela-226772\" rel=\"nofollow noopener\" target=\"_blank\">Alan Varela<\/a> (5) <\/strong>\u2014 Entrada forte de Dante deixou marcas e s\u00f3 aguentou at\u00e9 ao fim da primeira parte. Estava a ter o seu papel na press\u00e3o portista e na recupera\u00e7\u00e3o de bola, mandando na sua \u00e1rea.<\/p>\n<p><strong>Pep\u00ea (7) <\/strong>\u2014 Ao seu estilo, recuperou a bola, guardou-a, escondeu-a e entregou-a com crit\u00e9rio, em poucos segundos, passe simples mas inteligente, para tr\u00e1s, a convidar ao 1-0. Gabri Veiga fez o resto, ao segundo 18. Instantes depois, o mesmo Pep\u00ea era visto na \u00e1rea do FC Porto a fazer corte importante. Parece estar de volta a melhor vers\u00e3o do brasileiro.<\/p>\n<p><strong><a class=\"autolink-enabled\" data-resource-id=\"267455\" data-resource-type=\"player\" data-sport=\"football\" href=\"https:\/\/www.abola.pt\/futebol\/jogador\/samu-aghehowa-267455\" rel=\"nofollow noopener\" target=\"_blank\">Samu<\/a> (5) <\/strong>\u2014 Pouco em jogo no primeiro tempo. Um primeiro ensaio ao minuto 35, com a bola a sair muito longe do alvo. Na segunda parte, mais ativo, apareceu ao minuto 51, quando errou passe relativamente f\u00e1cil que poderia ter deixado Gul em posi\u00e7\u00e3o de fugir com perigo. Aos 56&#8242;, todavia, desmarcou-se e caiu, ficando no ch\u00e3o, com queixas, a pedir pen\u00e1lti, por toque de Dante. Tr\u00eas minutos depois, com VAR e visionamento das imagens no est\u00e1dio inclu\u00eddos, a decis\u00e3o saiu. Ganhou na ra\u00e7a ao brasileiro do Nice, que tem o dobro da sua idade (42-21), e foi premiado com o pen\u00e1lti: o primeiro golo nesta edi\u00e7\u00e3o da Liga Europa.<\/p>\n<p><strong><a class=\"autolink-enabled\" data-resource-id=\"266202\" data-resource-type=\"player\" data-sport=\"football\" href=\"https:\/\/www.abola.pt\/futebol\/jogador\/deniz-gul-266202\" rel=\"nofollow noopener\" target=\"_blank\">Deniz Gul<\/a> (4)<\/strong> \u2014 N\u00e3o parece claramente talhado para ser extremo esquerdo e o jogo do FC Porto acontecia no outro flanco. Posto isto, s\u00f3 foi visto aos 49&#8242;, com um bom lance individual, e aos 65&#8242;, quando caiu na \u00e1rea do Nice e tamb\u00e9m pediu pen\u00e1lti, sem a mesma sorte de Samu. Saiu aos 67&#8242;.<\/p>\n<p><strong><a class=\"autolink-enabled\" data-resource-id=\"68459\" data-resource-type=\"player\" data-sport=\"football\" href=\"https:\/\/www.abola.pt\/futebol\/jogador\/jan-bednarek-68459\" rel=\"nofollow noopener\" target=\"_blank\">Bednarek<\/a> (6) <\/strong>\u2014 Entrou bem. Competente no corte, no posicionamento. Como um central\u00e3o.<\/p>\n<p><strong><a class=\"autolink-enabled\" data-resource-id=\"213343\" data-resource-type=\"player\" data-sport=\"football\" href=\"https:\/\/www.abola.pt\/futebol\/jogador\/borja-sainz-213343\" rel=\"nofollow noopener\" target=\"_blank\">Borja Sainz<\/a> (5)<\/strong> \u2014 Entrou aos 67&#8242;, com nervo pelo menos.<\/p>\n<p><strong><a class=\"autolink-enabled\" data-resource-id=\"7219\" data-resource-type=\"player\" data-sport=\"football\" href=\"https:\/\/www.abola.pt\/futebol\/jogador\/luuk-de-jong-7219\" rel=\"nofollow noopener\" target=\"_blank\">De Jong<\/a> (4) <\/strong>\u2014 Entrou aos 73&#8242;, sem grande influ\u00eancia no jogo.<\/p>\n<p><strong><a class=\"autolink-enabled\" data-resource-id=\"294483\" data-resource-type=\"player\" data-sport=\"football\" href=\"https:\/\/www.abola.pt\/futebol\/jogador\/rodrigo-mora-294483\" rel=\"nofollow noopener\" target=\"_blank\">Rodrigo Mora<\/a> (5)<\/strong> \u2014 Entrou aos 73&#8242; e tentou a sorte aos 87&#8242;, movimento tradicional de fora para dentro seguido de remate em arco. N\u00e3o acertou, mas trabalhou bem.<\/p>\n<p><strong><a class=\"autolink-enabled\" data-resource-id=\"172651\" data-resource-type=\"player\" data-sport=\"football\" href=\"https:\/\/www.abola.pt\/futebol\/jogador\/eustaquio-172651\" rel=\"nofollow noopener\" target=\"_blank\">Eust\u00e1quio<\/a> (-)<\/strong> \u2013 Entrou aos 80&#8242; sem tempo para grande coisa.<\/p>\n","protected":false},"excerpt":{"rendered":"O melhor em campo: Gabri Veiga (8) Aproveitando um trabalho bem feito a todos os n\u00edveis, da sa\u00edda&hellip;\n","protected":false},"author":2,"featured_media":167512,"comment_status":"","ping_status":"","sticky":false,"template":"","format":"standard","meta":{"footnotes":""},"categories":[8],"tags":[27,28,15,16,14,25,26,21,22,12,13,19,20,32,23,24,33,17,18,29,30,31],"class_list":{"0":"post-167511","1":"post","2":"type-post","3":"status-publish","4":"format-standard","5":"has-post-thumbnail","7":"category-principais-noticias","8":"tag-breaking-news","9":"tag-breakingnews","10":"tag-featured-news","11":"tag-featurednews","12":"tag-headlines","13":"tag-latest-news","14":"tag-latestnews","15":"tag-main-news","16":"tag-mainnews","17":"tag-news","18":"tag-noticias","19":"tag-noticias-principais","20":"tag-noticiasprincipais","21":"tag-portugal","22":"tag-principais-noticias","23":"tag-principaisnoticias","24":"tag-pt","25":"tag-top-stories","26":"tag-topstories","27":"tag-ultimas","28":"tag-ultimas-noticias","29":"tag-ultimasnoticias"},"share_on_mastodon":{"url":"https:\/\/pubeurope.com\/@pt\/115623761252024419","error":""},"_links":{"self":[{"href":"https:\/\/www.europesays.com\/pt\/wp-json\/wp\/v2\/posts\/167511","targetHints":{"allow":["GET"]}}],"collection":[{"href":"https:\/\/www.europesays.com\/pt\/wp-json\/wp\/v2\/posts"}],"about":[{"href":"https:\/\/www.europesays.com\/pt\/wp-json\/wp\/v2\/types\/post"}],"author":[{"embeddable":true,"href":"https:\/\/www.europesays.com\/pt\/wp-json\/wp\/v2\/users\/2"}],"replies":[{"embeddable":true,"href":"https:\/\/www.europesays.com\/pt\/wp-json\/wp\/v2\/comments?post=167511"}],"version-history":[{"count":0,"href":"https:\/\/www.europesays.com\/pt\/wp-json\/wp\/v2\/posts\/167511\/revisions"}],"wp:featuredmedia":[{"embeddable":true,"href":"https:\/\/www.europesays.com\/pt\/wp-json\/wp\/v2\/media\/167512"}],"wp:attachment":[{"href":"https:\/\/www.europesays.com\/pt\/wp-json\/wp\/v2\/media?parent=167511"}],"wp:term":[{"taxonomy":"category","embeddable":true,"href":"https:\/\/www.europesays.com\/pt\/wp-json\/wp\/v2\/categories?post=167511"},{"taxonomy":"post_tag","embeddable":true,"href":"https:\/\/www.europesays.com\/pt\/wp-json\/wp\/v2\/tags?post=167511"}],"curies":[{"name":"wp","href":"https:\/\/api.w.org\/{rel}","templated":true}]}}