{"id":167515,"date":"2025-11-27T21:23:16","date_gmt":"2025-11-27T21:23:16","guid":{"rendered":"https:\/\/www.europesays.com\/pt\/167515\/"},"modified":"2025-11-27T21:23:16","modified_gmt":"2025-11-27T21:23:16","slug":"kere-architecture-apresenta-projeto-de-biblioteca-publica-no-rio-de-janeiro-em-homenagem-a-heranca-afro-brasileira","status":"publish","type":"post","link":"https:\/\/www.europesays.com\/pt\/167515\/","title":{"rendered":"K\u00e9r\u00e9 Architecture apresenta projeto de biblioteca p\u00fablica no Rio de Janeiro em homenagem \u00e0 heran\u00e7a afro-brasileira"},"content":{"rendered":"<p><a class=\"js-image-size__link \" href=\"https:\/\/www.archdaily.com.br\/br\/1036405\/kere-architecture-apresenta-projeto-de-biblioteca-publica-no-rio-de-janeiro-em-homenagem-a-heranca-afro-brasileira\/692616f34e889801882c296a-kere-architecture-reveals-public-library-design-in-rio-de-janeiro-celebrating-afro-brazilian-heritage-image\" rel=\"attachment nofollow noopener\" style=\"width: 100%; height: 100%;\" target=\"_blank\"><img decoding=\"async\" alt=\"K\u00e9r\u00e9 Architecture apresenta projeto de biblioteca p\u00fablica no Rio de Janeiro em homenagem \u00e0 heran\u00e7a afro-brasileira - Imagem 1 de 10\" data-nr-picture-id=\"692616f34e889801882c296a\" fetchpriority=\"high\" height=\"360\" itemprop=\"image\" loading=\"eager\" longdesc=\"https:\/\/www.archdaily.com.br\/br\/1036405\/kere-architecture-apresenta-projeto-de-biblioteca-publica-no-rio-de-janeiro-em-homenagem-a-heranca-afro-brasileira\/692616f34e889801882c296a-kere-architecture-reveals-public-library-design-in-rio-de-janeiro-celebrating-afro-brazilian-heritage-image\" src=\"https:\/\/www.europesays.com\/pt\/wp-content\/uploads\/2025\/11\/kere-architecture_7.jpg\" style=\"min-height: var(--featured-height, auto); aspect-ratio: auto 640 \/ 360\" width=\"640\"\/><\/a>Biblioteca dos Saberes de K\u00e9r\u00e9 Architecture. Vista norte. Render. Imagem cortesia de K\u00e9r\u00e9 Architecture<\/p>\n<p>    Compartilhar<\/p>\n<p>Compartilhar<\/p>\n<ul class=\"afd-share__networks clearfix\">\n<li class=\"afd-share__social\"><a aria-label=\"Facebook\" class=\"afd-share__button\" data-insights-category=\"share\" data-insights-label=\"facebook_sharing_options\" data-insights-value=\"1036405\" data-social=\"facebook\" href=\"https:\/\/www.facebook.com\/sharer\/sharer.php?u=https:\/\/www.archdaily.com.br\/br\/1036405\/kere-architecture-apresenta-projeto-de-biblioteca-publica-no-rio-de-janeiro-em-homenagem-a-heranca-afro-brasileira\" rel=\"nofollow noopener\" target=\"_blank\"><\/a>\n<p>Facebook<\/p>\n<\/li>\n<li class=\"afd-share__social\"><a aria-label=\"Twitter\" class=\"afd-share__button\" data-insights-category=\"share\" data-insights-label=\"twitter_sharing_options\" data-insights-value=\"1036405\" data-social=\"twitter\" href=\"https:\/\/twitter.com\/intent\/tweet?text=K%C3%A9r%C3%A9%20Architecture%20apresenta%20projeto%20de%20biblioteca%20p%C3%BAblica%20no%20Rio%20de%20Janeiro%20em%20homenagem%20%C3%A0%20heran%C3%A7a%20afro-brasileira&amp;url=https:\/\/www.archdaily.com.br\/br\/1036405\/kere-architecture-apresenta-projeto-de-biblioteca-publica-no-rio-de-janeiro-em-homenagem-a-heranca-afro-brasileira&amp;via=archdailybr\" rel=\"nofollow noopener\" target=\"_blank\"><\/a>\n<p>Twitter<\/p>\n<\/li>\n<li class=\"afd-share__social\"><a class=\"afd-share__button\" data-insights-category=\"share\" data-insights-label=\"email_sharing_options\" data-insights-value=\"1036405\" data-social=\"email\" href=\"mailto:?subject=K\u00e9r\u00e9 Architecture apresenta projeto de biblioteca p\u00fablica no Rio de Janeiro em homenagem \u00e0 heran\u00e7a afro-brasileira&amp;body=https:\/\/www.archdaily.com.br\/br\/1036405\/kere-architecture-apresenta-projeto-de-biblioteca-publica-no-rio-de-janeiro-em-homenagem-a-heranca-afro-brasileira\"><\/a>\n<p>Mail<\/p>\n<\/li>\n<li class=\"afd-share__social\"><a aria-label=\"Pinterest\" class=\"afd-share__button\" data-insights-category=\"share\" data-insights-label=\"pinterest_sharing_options\" data-insights-value=\"1036405\" data-social=\"pinterest\" href=\"https:\/\/pinterest.com\/pin\/create\/button\/?url=https%3A%2F%2Fwww.archdaily.com.br%2Fbr%2F1036405%2Fkere-architecture-apresenta-projeto-de-biblioteca-publica-no-rio-de-janeiro-em-homenagem-a-heranca-afro-brasileira&amp;media=https%3A%2F%2Fimages.adsttc.com%2Fmedia%2Fimages%2F6926%2F16f3%2F4e88%2F9801%2F882c%2F296a%2Flarge_jpg%2Fkere-architecture_7.jpg%3F1764103977&amp;description=K%C3%A9r%C3%A9%20Architecture%20apresenta%20projeto%20de%20biblioteca%20p%C3%BAblica%20no%20Rio%20de%20Janeiro%20em%20homenagem%20%C3%A0%20heran%C3%A7a%20afro-brasileira\" rel=\"nofollow noopener\" target=\"_blank\"><\/a>\n<p>Pinterest<\/p>\n<\/li>\n<li class=\"afd-share__social\"><a aria-label=\"Whatsapp\" class=\"afd-share__button\" data-action=\"share\/whatsapp\/share\" data-insights-category=\"share\" data-insights-label=\"whatsapp_sharing_options\" data-insights-value=\"1036405\" data-social=\"whatsapp\" href=\"whatsapp:\/\/send?text=K%C3%A9r%C3%A9+Architecture+apresenta+projeto+de+biblioteca+p%C3%BAblica+no+Rio+de+Janeiro+em+homenagem+%C3%A0+heran%C3%A7a+afro-brasileira+%7C+https%3A%2F%2Fwww.archdaily.com.br%2Fbr%2F1036405%2Fkere-architecture-apresenta-projeto-de-biblioteca-publica-no-rio-de-janeiro-em-homenagem-a-heranca-afro-brasileira%3Futm_source%3DWhatsapp%26utm_medium%3DIM%26utm_campaign%3Dshare-button\" rel=\"nofollow\"><\/a>\n<p>Whatsapp<\/p>\n<\/li>\n<\/ul>\n<p>Ou<\/p>\n<p>https:\/\/www.archdaily.com.br\/br\/1036405\/kere-architecture-apresenta-projeto-de-biblioteca-publica-no-rio-de-janeiro-em-homenagem-a-heranca-afro-brasileira<\/p>\n<p data-start=\"86\" data-end=\"850\"><a href=\"https:\/\/www.archdaily.com.br\/br\/office\/kere-architecture\" target=\"_blank\" rel=\"noopener nofollow\">K\u00e9r\u00e9 Architecture<\/a> apresentou sua proposta para a <a href=\"https:\/\/www.archdaily.com.br\/br\/tag\/biblioteca\" rel=\"nofollow noopener\" target=\"_blank\">Biblioteca<\/a> dos Saberes, um complexo cultural de 40.000 metros quadrados no bairro da Cidade Nova, no <a href=\"https:\/\/www.archdaily.com.br\/br\/city\/rio-de-janeiro\" target=\"_blank\" rel=\"noopener nofollow\">Rio de Janeiro<\/a>. Projetado por <a href=\"https:\/\/www.archdaily.com.br\/br\/tag\/francis-kere\" target=\"_blank\" rel=\"noopener nofollow\">Francis K\u00e9r\u00e9<\/a>, Mariona Maeso Deitg e Juan Carlos Zapata, o conjunto foi encomendado pela Prefeitura do Rio de Janeiro e est\u00e1 previsto para um terreno pr\u00f3ximo ao Cais do Valongo e \u00e0 regi\u00e3o da Pequena \u00c1frica. O projeto foi apresentado \u00e0 comunidade em 20 de novembro, Dia Nacional de Zumbi e da Consci\u00eancia Negra. Entre seus elementos principais, est\u00e3o uma fachada perfurada para prote\u00e7\u00e3o solar, jardins na cobertura, terra\u00e7os ajardinados, p\u00e1tios sombreados, \u00e1reas ao ar livre, um anfiteatro coberto e uma passarela para pedestres que conecta o edif\u00edcio ao monumento a Zumbi dos Palmares.<\/p>\n<p class=\"thumbs afd-desktop-e clearfix\"><a class=\"thumbs__link\" data-nr-picture-id=\"692616ff084c9e0188fe997c\" href=\"https:\/\/www.archdaily.com.br\/br\/1036405\/kere-architecture-apresenta-projeto-de-biblioteca-publica-no-rio-de-janeiro-em-homenagem-a-heranca-afro-brasileira\/692616ff084c9e0188fe997c-kere-architecture-reveals-public-library-design-in-rio-de-janeiro-celebrating-afro-brazilian-heritage-image\" rel=\"attachment nofollow noopener\" target=\"_blank\"><img loading=\"lazy\" decoding=\"async\" alt=\"K\u00e9r\u00e9 Architecture apresenta projeto de biblioteca p\u00fablica no Rio de Janeiro em homenagem \u00e0 heran\u00e7a afro-brasileira - Imagem 2 de 10\" class=\"thumbs__img b-lazy\" data-nr-picture-id=\"692616ff084c9e0188fe997c\" data-pin-nopin=\"true\" src=\"https:\/\/www.europesays.com\/pt\/wp-content\/uploads\/2025\/11\/kere-architecture_5.jpg\" height=\"125\" longdesc=\"https:\/\/www.archdaily.com.br\/br\/1036405\/kere-architecture-apresenta-projeto-de-biblioteca-publica-no-rio-de-janeiro-em-homenagem-a-heranca-afro-brasileira\/692616ff084c9e0188fe997c-kere-architecture-reveals-public-library-design-in-rio-de-janeiro-celebrating-afro-brazilian-heritage-image\" title=\"Biblioteca dos Saberes de K\u00e9r\u00e9 Architecture. Vista a\u00e9rea. Render. Imagem cortesia de K\u00e9r\u00e9 Architecture\" width=\"125\"\/><\/a><a class=\"thumbs__link\" data-nr-picture-id=\"692616e84e889801882c2968\" href=\"https:\/\/www.archdaily.com.br\/br\/1036405\/kere-architecture-apresenta-projeto-de-biblioteca-publica-no-rio-de-janeiro-em-homenagem-a-heranca-afro-brasileira\/692616e84e889801882c2968-kere-architecture-reveals-public-library-design-in-rio-de-janeiro-celebrating-afro-brazilian-heritage-image\" rel=\"attachment nofollow noopener\" target=\"_blank\"><img loading=\"lazy\" decoding=\"async\" alt=\"K\u00e9r\u00e9 Architecture apresenta projeto de biblioteca p\u00fablica no Rio de Janeiro em homenagem \u00e0 heran\u00e7a afro-brasileira - Imagem 3 de 10\" class=\"thumbs__img b-lazy\" data-nr-picture-id=\"692616e84e889801882c2968\" data-pin-nopin=\"true\" src=\"https:\/\/www.europesays.com\/pt\/wp-content\/uploads\/2025\/11\/kere-architecture_6.jpg\" height=\"125\" longdesc=\"https:\/\/www.archdaily.com.br\/br\/1036405\/kere-architecture-apresenta-projeto-de-biblioteca-publica-no-rio-de-janeiro-em-homenagem-a-heranca-afro-brasileira\/692616e84e889801882c2968-kere-architecture-reveals-public-library-design-in-rio-de-janeiro-celebrating-afro-brazilian-heritage-image\" title=\"Biblioteca dos Saberes de K\u00e9r\u00e9 Architecture. Vista sudoeste. Render. Imagem cortesia de K\u00e9r\u00e9 Architecture\" width=\"125\"\/><\/a><a class=\"thumbs__link\" data-nr-picture-id=\"692616f2084c9e0188fe997a\" href=\"https:\/\/www.archdaily.com.br\/br\/1036405\/kere-architecture-apresenta-projeto-de-biblioteca-publica-no-rio-de-janeiro-em-homenagem-a-heranca-afro-brasileira\/692616f2084c9e0188fe997a-kere-architecture-reveals-public-library-design-in-rio-de-janeiro-celebrating-afro-brazilian-heritage-image\" rel=\"attachment nofollow noopener\" target=\"_blank\"><img loading=\"lazy\" decoding=\"async\" alt=\"K\u00e9r\u00e9 Architecture apresenta projeto de biblioteca p\u00fablica no Rio de Janeiro em homenagem \u00e0 heran\u00e7a afro-brasileira - Imagem 4 de 10\" class=\"thumbs__img b-lazy\" data-nr-picture-id=\"692616f2084c9e0188fe997a\" data-pin-nopin=\"true\" src=\"https:\/\/www.europesays.com\/pt\/wp-content\/uploads\/2025\/11\/kere-architecture_8.jpg\" height=\"125\" longdesc=\"https:\/\/www.archdaily.com.br\/br\/1036405\/kere-architecture-apresenta-projeto-de-biblioteca-publica-no-rio-de-janeiro-em-homenagem-a-heranca-afro-brasileira\/692616f2084c9e0188fe997a-kere-architecture-reveals-public-library-design-in-rio-de-janeiro-celebrating-afro-brazilian-heritage-image\" title=\"Biblioteca dos Saberes de K\u00e9r\u00e9 Architecture. Vista do Samb\u00f3dromo. Render. Imagem cortesia de K\u00e9r\u00e9 Architecture\" width=\"125\"\/><\/a><a class=\"thumbs__link\" data-nr-picture-id=\"692616ea4e889801882c2969\" href=\"https:\/\/www.archdaily.com.br\/br\/1036405\/kere-architecture-apresenta-projeto-de-biblioteca-publica-no-rio-de-janeiro-em-homenagem-a-heranca-afro-brasileira\/692616ea4e889801882c2969-kere-architecture-reveals-public-library-design-in-rio-de-janeiro-celebrating-afro-brazilian-heritage-image\" rel=\"attachment nofollow noopener\" target=\"_blank\"><img loading=\"lazy\" decoding=\"async\" alt=\"K\u00e9r\u00e9 Architecture apresenta projeto de biblioteca p\u00fablica no Rio de Janeiro em homenagem \u00e0 heran\u00e7a afro-brasileira - Imagem 5 de 10\" class=\"thumbs__img b-lazy\" data-nr-picture-id=\"692616ea4e889801882c2969\" data-pin-nopin=\"true\" src=\"https:\/\/www.europesays.com\/pt\/wp-content\/uploads\/2025\/11\/kere-architecture_10.jpg\" height=\"125\" longdesc=\"https:\/\/www.archdaily.com.br\/br\/1036405\/kere-architecture-apresenta-projeto-de-biblioteca-publica-no-rio-de-janeiro-em-homenagem-a-heranca-afro-brasileira\/692616ea4e889801882c2969-kere-architecture-reveals-public-library-design-in-rio-de-janeiro-celebrating-afro-brazilian-heritage-image\" title=\"Biblioteca dos Saberes de K\u00e9r\u00e9 Architecture. Ponto de encontro com vista para o monumento de Zumbi do Palmares. Render. Imagem cortesia de K\u00e9r\u00e9 Architecture\" width=\"125\"\/><\/a><a class=\"gallery-link afd-desktop-e\" href=\"https:\/\/www.archdaily.com.br\/br\/1036405\/kere-architecture-apresenta-projeto-de-biblioteca-publica-no-rio-de-janeiro-em-homenagem-a-heranca-afro-brasileira\/692616f34e889801882c296a-kere-architecture-reveals-public-library-design-in-rio-de-janeiro-celebrating-afro-brazilian-heritage-image\" rel=\"nofollow noopener\" target=\"_blank\"><img decoding=\"async\" alt=\"K\u00e9r\u00e9 Architecture apresenta projeto de biblioteca p\u00fablica no Rio de Janeiro em homenagem \u00e0 heran\u00e7a afro-brasileira - Mais Imagens\" class=\"thumbs__img b-lazy\" src=\"https:\/\/www.europesays.com\/pt\/wp-content\/uploads\/2025\/11\/kere-architecture_7.jpg\" itemprop=\"image\" bad-src=\"data:image\/gif;base64,R0lGODlhAQABAIAAAAUEBAAAACwAAAAAAQABAAACAkQBADs=\"\/>+ 5<\/a><\/p>\n<p><a class=\"js-image-size__link lazy-anchor\" href=\"https:\/\/www.archdaily.com.br\/br\/1036405\/kere-architecture-apresenta-projeto-de-biblioteca-publica-no-rio-de-janeiro-em-homenagem-a-heranca-afro-brasileira\/692616ff084c9e0188fe997c-kere-architecture-reveals-public-library-design-in-rio-de-janeiro-celebrating-afro-brazilian-heritage-image\" rel=\"nofollow noopener\" target=\"_blank\"><img decoding=\"async\" alt=\"K\u00e9r\u00e9 Architecture apresenta projeto de biblioteca p\u00fablica no Rio de Janeiro em homenagem \u00e0 heran\u00e7a afro-brasileira - Imagem 2 de 10\" data-nr-picture-id=\"692616ff084c9e0188fe997c\" height=\"427\" itemprop=\"image\" loading=\"lazy\" longdesc=\"https:\/\/www.archdaily.com.br\/br\/1036405\/kere-architecture-apresenta-projeto-de-biblioteca-publica-no-rio-de-janeiro-em-homenagem-a-heranca-afro-brasileira\/692616ff084c9e0188fe997c-kere-architecture-reveals-public-library-design-in-rio-de-janeiro-celebrating-afro-brazilian-heritage-image\" src=\"https:\/\/www.europesays.com\/pt\/wp-content\/uploads\/2025\/11\/1764278595_81_kere-architecture_5.jpg\" width=\"640\"\/>Biblioteca dos Saberes de K\u00e9r\u00e9 Architecture. Vista a\u00e9rea. Render. Imagem cortesia de K\u00e9r\u00e9 Architecture<\/a><\/p>\n<p data-start=\"852\" data-end=\"1647\">No cora\u00e7\u00e3o da proposta est\u00e1 a \u201c\u00e1rvore do conhecimento\u201d, uma estrutura cil\u00edndrica inspirada nas \u00e1rvores nativas da Floresta da Tijuca e que evoca o papel comunit\u00e1rio das \u00e1rvores na cidade natal de K\u00e9r\u00e9, <a href=\"https:\/\/www.archdaily.com.br\/br\/city\/gando\" target=\"_blank\" rel=\"noopener nofollow\">Gando<\/a>, em <a href=\"https:\/\/www.archdaily.com.br\/br\/country\/burkina-faso\" target=\"_blank\" rel=\"noopener nofollow\">Burkina Faso<\/a>. Este volume vertical articula os tr\u00eas n\u00edveis da biblioteca, que abrigariam salas de leitura, acervo, oficinas, \u00e1reas expositivas, um audit\u00f3rio e um caf\u00e9. O programa segue uma progress\u00e3o do sil\u00eancio ao movimento: ler, compartilhar, reunir, performar, criar, comer e brincar, apoiando uma ampla variedade de usos comunit\u00e1rios no centro hist\u00f3rico. O projeto tamb\u00e9m celebra as heran\u00e7as ind\u00edgena e afro-brasileira, as tradi\u00e7\u00f5es orais e o samba como forma viva de conhecimento. Ele reimagina o Atl\u00e2ntico n\u00e3o como separa\u00e7\u00e3o, mas como um rio de hist\u00f3ria cultural compartilhada que conecta <a href=\"https:\/\/www.archdaily.com.br\/br\/tag\/brasil\" rel=\"nofollow noopener\" target=\"_blank\">Brasil<\/a> e \u00c1frica.<\/p>\n<p><a class=\"js-image-size__link lazy-anchor\" href=\"https:\/\/www.archdaily.com.br\/br\/1036405\/kere-architecture-apresenta-projeto-de-biblioteca-publica-no-rio-de-janeiro-em-homenagem-a-heranca-afro-brasileira\/692616f2084c9e0188fe997a-kere-architecture-reveals-public-library-design-in-rio-de-janeiro-celebrating-afro-brazilian-heritage-image\" rel=\"nofollow noopener\" target=\"_blank\"><img decoding=\"async\" alt=\"K\u00e9r\u00e9 Architecture apresenta projeto de biblioteca p\u00fablica no Rio de Janeiro em homenagem \u00e0 heran\u00e7a afro-brasileira - Imagem 4 de 10\" data-nr-picture-id=\"692616f2084c9e0188fe997a\" height=\"427\" itemprop=\"image\" loading=\"lazy\" longdesc=\"https:\/\/www.archdaily.com.br\/br\/1036405\/kere-architecture-apresenta-projeto-de-biblioteca-publica-no-rio-de-janeiro-em-homenagem-a-heranca-afro-brasileira\/692616f2084c9e0188fe997a-kere-architecture-reveals-public-library-design-in-rio-de-janeiro-celebrating-afro-brazilian-heritage-image\" src=\"https:\/\/www.europesays.com\/pt\/wp-content\/uploads\/2025\/11\/1764278595_916_kere-architecture_8.jpg\" width=\"640\"\/>Biblioteca dos Saberes de K\u00e9r\u00e9 Architecture. Vista do Samb\u00f3dromo. Render. Imagem cortesia de K\u00e9r\u00e9 Architecture<\/a><a class=\"js-image-size__link lazy-anchor\" href=\"https:\/\/www.archdaily.com.br\/br\/1036405\/kere-architecture-apresenta-projeto-de-biblioteca-publica-no-rio-de-janeiro-em-homenagem-a-heranca-afro-brasileira\/692616e84e889801882c2968-kere-architecture-reveals-public-library-design-in-rio-de-janeiro-celebrating-afro-brazilian-heritage-image\" rel=\"nofollow noopener\" target=\"_blank\"><img decoding=\"async\" alt=\"K\u00e9r\u00e9 Architecture apresenta projeto de biblioteca p\u00fablica no Rio de Janeiro em homenagem \u00e0 heran\u00e7a afro-brasileira - Imagem 3 de 10\" data-nr-picture-id=\"692616e84e889801882c2968\" height=\"427\" itemprop=\"image\" loading=\"lazy\" longdesc=\"https:\/\/www.archdaily.com.br\/br\/1036405\/kere-architecture-apresenta-projeto-de-biblioteca-publica-no-rio-de-janeiro-em-homenagem-a-heranca-afro-brasileira\/692616e84e889801882c2968-kere-architecture-reveals-public-library-design-in-rio-de-janeiro-celebrating-afro-brazilian-heritage-image\" src=\"https:\/\/www.europesays.com\/pt\/wp-content\/uploads\/2025\/11\/1764278595_614_kere-architecture_6.jpg\" width=\"640\"\/>Biblioteca dos Saberes de K\u00e9r\u00e9 Architecture. Vista sudoeste. Render. Imagem cortesia de K\u00e9r\u00e9 Architecture<\/a><\/p>\n<p data-start=\"1649\" data-end=\"2266\" data-is-last-node=\"\" data-is-only-node=\"\">A proposta tamb\u00e9m se inspira nas camadas culturais da antiga Pra\u00e7a Onze \u2014 ber\u00e7o da primeira escola de samba do <a href=\"https:\/\/www.archdaily.com.br\/br\/tag\/brasil\" rel=\"nofollow noopener\" target=\"_blank\">Brasil<\/a> \u2014 e na proximidade com o <a href=\"https:\/\/www.archdaily.com\/209836\/rio-carnival-2012-kicks-off-in-oscar-niemeyers-newly-renovated-sambadrome\" target=\"_blank\" rel=\"noopener nofollow\">Samb\u00f3dromo<\/a> de <a href=\"https:\/\/www.archdaily.com.br\/br\/office\/oscar-niemeyer\" target=\"_blank\" rel=\"noopener nofollow\">Oscar Niemeyer<\/a>. Ao apresentar o projeto, o prefeito Eduardo Paes afirmou: \u201cDa Pequena \u00c1frica para o mundo, o projeto de Francis K\u00e9r\u00e9 homenageia as forma\u00e7\u00f5es atl\u00e2nticas, africanas e portu\u00e1rias que moldaram este Rio plural, casa de todos os cariocas. Uma biblioteca do samba e dos saberes do povo, ela consolida o legado do Rio como a primeira cidade de l\u00edngua portuguesa a receber o t\u00edtulo de Capital Mundial do Livro da UNESCO \u2014 uma honra que agora se torna obra e s\u00edmbolo do nosso tempo.\u201d<\/p>\n<p>  Artigo Relacionado <a class=\"rel-article__link\" data-insights-category=\"related-article\" data-insights-label=\"3\" data-insights-value=\"1036405\" href=\"https:\/\/www.archdaily.com\/1034064\/from-brazil-to-ukraine-7-conceptual-learning-spaces-expanding-the-boundaries-of-education?ad_medium=widget&amp;ad_name=related-article&amp;ad_content=1036405\" rel=\"nofollow noopener\" target=\"_blank\">From Brazil to Ukraine: 7 Conceptual Learning Spaces Expanding the Boundaries of Education<\/a>  <a class=\"js-image-size__link lazy-anchor\" href=\"https:\/\/www.archdaily.com.br\/br\/1036405\/kere-architecture-apresenta-projeto-de-biblioteca-publica-no-rio-de-janeiro-em-homenagem-a-heranca-afro-brasileira\/692616ea4e889801882c2969-kere-architecture-reveals-public-library-design-in-rio-de-janeiro-celebrating-afro-brazilian-heritage-image\" rel=\"nofollow noopener\" target=\"_blank\"><img decoding=\"async\" alt=\"K\u00e9r\u00e9 Architecture apresenta projeto de biblioteca p\u00fablica no Rio de Janeiro em homenagem \u00e0 heran\u00e7a afro-brasileira - Imagem 5 de 10\" data-nr-picture-id=\"692616ea4e889801882c2969\" height=\"427\" itemprop=\"image\" loading=\"lazy\" longdesc=\"https:\/\/www.archdaily.com.br\/br\/1036405\/kere-architecture-apresenta-projeto-de-biblioteca-publica-no-rio-de-janeiro-em-homenagem-a-heranca-afro-brasileira\/692616ea4e889801882c2969-kere-architecture-reveals-public-library-design-in-rio-de-janeiro-celebrating-afro-brazilian-heritage-image\" src=\"https:\/\/www.europesays.com\/pt\/wp-content\/uploads\/2025\/11\/1764278595_410_kere-architecture_10.jpg\" width=\"640\"\/>Biblioteca dos Saberes de K\u00e9r\u00e9 Architecture. Ponto de encontro com vista para o monumento de Zumbi do Palmares. Render. Imagem cortesia de K\u00e9r\u00e9 Architecture<\/a><\/p>\n<p>A <a href=\"https:\/\/www.archdaily.com.br\/br\/tag\/biblioteca\" rel=\"nofollow noopener\" target=\"_blank\">Biblioteca<\/a> dos Saberes \u00e9 uma celebra\u00e7\u00e3o da linda cidade do <a href=\"https:\/\/www.archdaily.com.br\/br\/tag\/rio-de-janeiro\" rel=\"nofollow noopener\" target=\"_blank\">Rio de Janeiro<\/a>. Amo seu ritmo, suas vozes, seu esp\u00edrito que flui pelas ruas e acompanha as ondas do Atl\u00e2ntico. Esta biblioteca nasce da hist\u00f3ria e da sabedoria da cidade, do samba que move o corpo \u00e0 poesia que move o cora\u00e7\u00e3o. \u00c9 uma casa do conhecimento que pertence a todos \u2014 um lugar onde passado e futuro se encontram sob o mesmo teto, aberto para a cidade e para o mar que leva suas hist\u00f3rias ao mundo. \u2014 Arquiteto <a href=\"https:\/\/www.archdaily.com\/tag\/francis-kere\" target=\"_blank\" rel=\"noopener nofollow\">Francis K\u00e9r\u00e9<\/a><\/p>\n<p><a class=\"js-image-size__link lazy-anchor\" href=\"https:\/\/www.archdaily.com.br\/br\/1036405\/kere-architecture-apresenta-projeto-de-biblioteca-publica-no-rio-de-janeiro-em-homenagem-a-heranca-afro-brasileira\/692616e14e889801882c2967-kere-architecture-reveals-public-library-design-in-rio-de-janeiro-celebrating-afro-brazilian-heritage-image\" rel=\"nofollow noopener\" target=\"_blank\"><img decoding=\"async\" alt=\"K\u00e9r\u00e9 Architecture apresenta projeto de biblioteca p\u00fablica no Rio de Janeiro em homenagem \u00e0 heran\u00e7a afro-brasileira - Imagem 6 de 10\" data-nr-picture-id=\"692616e14e889801882c2967\" height=\"427\" itemprop=\"image\" loading=\"lazy\" longdesc=\"https:\/\/www.archdaily.com.br\/br\/1036405\/kere-architecture-apresenta-projeto-de-biblioteca-publica-no-rio-de-janeiro-em-homenagem-a-heranca-afro-brasileira\/692616e14e889801882c2967-kere-architecture-reveals-public-library-design-in-rio-de-janeiro-celebrating-afro-brazilian-heritage-image\" src=\"https:\/\/www.europesays.com\/pt\/wp-content\/uploads\/2025\/11\/kere-architecture_9.jpg\" width=\"640\"\/>Biblioteca dos Saberes por K\u00e9r\u00e9 Architecture. A &#8220;\u00e1rvore do conhecimento que se ergue no cora\u00e7\u00e3o do projeto&#8221;. Render. Imagem cortesia de K\u00e9r\u00e9 Architecture<\/a><\/p>\n<p>Outros recentes avan\u00e7os no campo da arquitetura cultural incluem a <a href=\"https:\/\/www.archdaily.com\/1036303\/mecanoos-natural-history-museum-opens-in-abu-dhabis-saadiyat-cultural-district\" target=\"_blank\" rel=\"noopener nofollow\">conclus\u00e3o do Museu de Hist\u00f3ria Natural de Abu Dhabi, projetado pelo escrit\u00f3rio Mecanoo<\/a> e dedicado a apresentar 13,8 bilh\u00f5es de anos de ci\u00eancia e descobertas, com foco na regi\u00e3o ar\u00e1bica; a <a href=\"https:\/\/www.archdaily.com\/1036205\/snohetta-reveals-new-images-of-winning-dusseldorf-opera-house-design\" target=\"_blank\" rel=\"noopener nofollow\">divulga\u00e7\u00e3o das novas imagens da Sn\u00f8hetta para o projeto vencedor da futura \u00d3pera de D\u00fcsseldorf<\/a>; e <a href=\"https:\/\/www.archdaily.com\/1036088\/qatar-foundation-launches-new-m-f-husain-museum-in-dohas-education-city\" target=\"_blank\" rel=\"noopener nofollow\">o lan\u00e7amento, pela Qatar Foundation, do Lawh Wa Qalam: M. F. Husain Museum<\/a>, um novo espa\u00e7o cultural dedicado \u00e0 vida e obra do artista Maqbool Fida Husain. No cen\u00e1rio de eventos culturais, <a href=\"https:\/\/www.archdaily.com\/1036315\/the-2025-venice-architecture-biennale-ends-marking-the-events-most-visited-edition\" target=\"_blank\" rel=\"noopener nofollow\">a Bienal de Arquitetura de Veneza de 2025 encerrou sendo a edi\u00e7\u00e3o mais visitada da hist\u00f3ria<\/a>, juntamente com o encerramento do <a href=\"https:\/\/www.archdaily.com.br\/br\/tag\/world-architectural-festival\" target=\"_blank\" rel=\"noopener nofollow\">World Architecture Festival<\/a> 2025, em Miami.<\/p>\n<p><script async src=\"https:\/\/platform.twitter.com\/widgets.js\" charset=\"utf-8\"><\/script><\/p>\n","protected":false},"excerpt":{"rendered":"Biblioteca dos Saberes de K\u00e9r\u00e9 Architecture. Vista norte. Render. Imagem cortesia de K\u00e9r\u00e9 Architecture Compartilhar Compartilhar Facebook Twitter&hellip;\n","protected":false},"author":2,"featured_media":167516,"comment_status":"","ping_status":"","sticky":false,"template":"","format":"standard","meta":{"footnotes":""},"categories":[144],"tags":[2713,25124,304,4716,207,205,206,203,201,202,877,6236,726,35209,204,114,115,35206,35208,32,33,2326,35207],"class_list":{"0":"post-167515","1":"post","2":"type-post","3":"status-publish","4":"format-standard","5":"has-post-thumbnail","7":"category-arte-e-design","8":"tag-africa","9":"tag-architecture","10":"tag-arquitetura","11":"tag-arquitetura-cultural","12":"tag-arte","13":"tag-arte-e-design","14":"tag-artedesign","15":"tag-arts","16":"tag-arts-and-design","17":"tag-artsanddesign","18":"tag-biblioteca","19":"tag-biblioteca-publica","20":"tag-brasil","21":"tag-centro-de-cultura","22":"tag-design","23":"tag-entertainment","24":"tag-entretenimento","25":"tag-kere-architecture","26":"tag-ponte-de-pedestres","27":"tag-portugal","28":"tag-pt","29":"tag-rio-de-janeiro","30":"tag-sambadrome"},"share_on_mastodon":{"url":"https:\/\/pubeurope.com\/@pt\/115623769566813768","error":""},"_links":{"self":[{"href":"https:\/\/www.europesays.com\/pt\/wp-json\/wp\/v2\/posts\/167515","targetHints":{"allow":["GET"]}}],"collection":[{"href":"https:\/\/www.europesays.com\/pt\/wp-json\/wp\/v2\/posts"}],"about":[{"href":"https:\/\/www.europesays.com\/pt\/wp-json\/wp\/v2\/types\/post"}],"author":[{"embeddable":true,"href":"https:\/\/www.europesays.com\/pt\/wp-json\/wp\/v2\/users\/2"}],"replies":[{"embeddable":true,"href":"https:\/\/www.europesays.com\/pt\/wp-json\/wp\/v2\/comments?post=167515"}],"version-history":[{"count":0,"href":"https:\/\/www.europesays.com\/pt\/wp-json\/wp\/v2\/posts\/167515\/revisions"}],"wp:featuredmedia":[{"embeddable":true,"href":"https:\/\/www.europesays.com\/pt\/wp-json\/wp\/v2\/media\/167516"}],"wp:attachment":[{"href":"https:\/\/www.europesays.com\/pt\/wp-json\/wp\/v2\/media?parent=167515"}],"wp:term":[{"taxonomy":"category","embeddable":true,"href":"https:\/\/www.europesays.com\/pt\/wp-json\/wp\/v2\/categories?post=167515"},{"taxonomy":"post_tag","embeddable":true,"href":"https:\/\/www.europesays.com\/pt\/wp-json\/wp\/v2\/tags?post=167515"}],"curies":[{"name":"wp","href":"https:\/\/api.w.org\/{rel}","templated":true}]}}