{"id":167517,"date":"2025-11-27T21:25:08","date_gmt":"2025-11-27T21:25:08","guid":{"rendered":"https:\/\/www.europesays.com\/pt\/167517\/"},"modified":"2025-11-27T21:25:08","modified_gmt":"2025-11-27T21:25:08","slug":"vou-comecar-os-preparativos-fernanda-serrano-prepara-festa-unica-e-este-e-o-motivo-novelas","status":"publish","type":"post","link":"https:\/\/www.europesays.com\/pt\/167517\/","title":{"rendered":"\u00abVou come\u00e7ar os preparativos\u00bb: Fernanda Serrano prepara festa \u00fanica e este \u00e9 o motivo &#8211; Novelas"},"content":{"rendered":"<p data-end=\"465\" data-start=\"84\"><a href=\"https:\/\/tvi.iol.pt\/novelas\/fernanda-serrano\/corpo\/aos-52-anos-fernanda-serrano-arrasa-em-biquini-e-inspira-com-corpo-escultural\" rel=\"nofollow noopener\" target=\"_blank\"><strong data-end=\"104\" data-start=\"84\">Fernanda Serrano<\/strong>, <\/a>atriz de 52 anos e conhecida pelo papel de <strong data-end=\"160\" data-start=\"149\">Clarice<\/strong> na novela <strong data-end=\"188\" data-start=\"171\">\u00abA Protegida\u00bb<\/strong>, aproveitou uns dias de descanso no <a href=\"https:\/\/tvi.iol.pt\/novelas\/fernanda-serrano\/corpo\/aos-52-anos-fernanda-serrano-arrasa-em-biquini-e-inspira-com-corpo-escultural\" rel=\"nofollow noopener\" target=\"_blank\"><strong data-end=\"235\" data-start=\"225\">Brasil<\/strong>,<\/a> onde passou tamb\u00e9m o seu dia de <strong data-end=\"284\" data-is-only-node=\"\" data-start=\"269\">anivers\u00e1rio<\/strong>. Ap\u00f3s este per\u00edodo de lazer, a estrela da fic\u00e7\u00e3o nacional anunciou esta quarta-feira, <strong data-end=\"389\" data-start=\"371\">27 de novembro<\/strong>, o seu regresso a Lisboa, pronta para organizar uma <strong data-end=\"462\" data-start=\"442\">festa de arromba<\/strong>.<\/p>\n<p data-end=\"917\" data-start=\"467\">Nas redes sociais, Fernanda partilhou a novidade vestida com <strong data-end=\"562\" data-start=\"528\">camisa de ganga e cal\u00e7as bejes<\/strong>, mostrando-se elegante e descontra\u00edda: <strong>\u00abA fingir que ainda n\u00e3o est\u00e1 frio, s\u00f3 que est\u00e1! De volta aos beijinhos e abra\u00e7os quentinhos c\u00e1 de casa! Agora vou come\u00e7ar os preparativos para a super festa do ano (depois das j\u00e1 existentes na fam\u00edlia, sen\u00e3o ou\u00e7o da Lu, Caetana e Santi)! 18\u00b0 anivers\u00e1rio da Laura! M\u00e3os \u00e0 obra Serrano! Assim aque\u00e7o! Ol\u00e1 Lisboa!\u00bb<\/strong><\/p>\n<blockquote class=\"instagram-media\" data-instgrm-captioned=\"\" data-instgrm-permalink=\"https:\/\/www.instagram.com\/p\/DRh_YZ-DGcC\/?utm_source=ig_embed&amp;utm_campaign=loading\" data-instgrm-version=\"14\" style=\" background:#FFF; border:0; border-radius:3px; box-shadow:0 0 1px 0 rgba(0,0,0,0.5),0 1px 10px 0 rgba(0,0,0,0.15); margin: 1px; max-width:540px; min-width:326px; padding:0; width:99.375%; width:-webkit-calc(100% - 2px); width:calc(100% - 2px);\">\n<\/blockquote>\n<p data-end=\"1314\" data-start=\"919\">A publica\u00e7\u00e3o recebeu rapidamente v\u00e1rias rea\u00e7\u00f5es de seguidores, destacando a admira\u00e7\u00e3o e o carinho pelo regresso da atriz. Entre os coment\u00e1rios, l\u00ea-se: \u00abA MAIS bonita e inspiradora de Portugal. Vai ser uma Super celebra\u00e7\u00e3o como tudo o que faz! You Rocks\u00bb, \u00abQue charmosa e linda\u00bb, \u00abLinda demais adoro!\u00bb, \u00abSempre lind\u00edssima\u00bb e \u00abmuitas felicidades, continua\u00e7\u00e3o de boa semana\u00bb, entre muitos outros.<\/p>\n<p data-end=\"1502\" data-is-last-node=\"\" data-is-only-node=\"\" data-start=\"1316\">Com este regresso, <strong data-end=\"1355\" data-start=\"1335\">Fernanda Serrano<\/strong> mostra que combina a eleg\u00e2ncia e o charme com a dedica\u00e7\u00e3o \u00e0 fam\u00edlia e aos momentos especiais, preparando agora uma celebra\u00e7\u00e3o memor\u00e1vel em Lisboa.<\/p>\n<p data-end=\"1709\" data-start=\"1262\"><b>Reveja aqui os melhores momentos da atriz no Brasil junto do seu filho:<\/b><\/p>\n<p data-end=\"2044\" data-is-last-node=\"\" data-is-only-node=\"\" data-start=\"1711\">\u00a0<\/p>\n<p>                        <script async src=\"\/\/www.instagram.com\/embed.js\"><\/script><\/p>\n","protected":false},"excerpt":{"rendered":"Fernanda Serrano, atriz de 52 anos e conhecida pelo papel de Clarice na novela \u00abA Protegida\u00bb, aproveitou uns&hellip;\n","protected":false},"author":2,"featured_media":167518,"comment_status":"","ping_status":"","sticky":false,"template":"","format":"standard","meta":{"footnotes":""},"categories":[142],"tags":[160,726,166,114,115,1408,6831,157,167,164,161,158,165,159,32,33,156,163,151,162],"class_list":{"0":"post-167517","1":"post","2":"type-post","3":"status-publish","4":"format-standard","5":"has-post-thumbnail","7":"category-tv","8":"tag-ana-guiomar","9":"tag-brasil","10":"tag-cristina-ferreira","11":"tag-entertainment","12":"tag-entretenimento","13":"tag-fernanda-serrano","14":"tag-festa","15":"tag-festa-e-festa","16":"tag-ficcao","17":"tag-jose-fidalgo","18":"tag-novelas","19":"tag-para-sempre","20":"tag-pedro-sousa","21":"tag-pedro-teixeira","22":"tag-portugal","23":"tag-pt","24":"tag-queridos-papas","25":"tag-tiago-teotonio-pereira","26":"tag-tv","27":"tag-tvi"},"share_on_mastodon":{"url":"","error":""},"_links":{"self":[{"href":"https:\/\/www.europesays.com\/pt\/wp-json\/wp\/v2\/posts\/167517","targetHints":{"allow":["GET"]}}],"collection":[{"href":"https:\/\/www.europesays.com\/pt\/wp-json\/wp\/v2\/posts"}],"about":[{"href":"https:\/\/www.europesays.com\/pt\/wp-json\/wp\/v2\/types\/post"}],"author":[{"embeddable":true,"href":"https:\/\/www.europesays.com\/pt\/wp-json\/wp\/v2\/users\/2"}],"replies":[{"embeddable":true,"href":"https:\/\/www.europesays.com\/pt\/wp-json\/wp\/v2\/comments?post=167517"}],"version-history":[{"count":0,"href":"https:\/\/www.europesays.com\/pt\/wp-json\/wp\/v2\/posts\/167517\/revisions"}],"wp:featuredmedia":[{"embeddable":true,"href":"https:\/\/www.europesays.com\/pt\/wp-json\/wp\/v2\/media\/167518"}],"wp:attachment":[{"href":"https:\/\/www.europesays.com\/pt\/wp-json\/wp\/v2\/media?parent=167517"}],"wp:term":[{"taxonomy":"category","embeddable":true,"href":"https:\/\/www.europesays.com\/pt\/wp-json\/wp\/v2\/categories?post=167517"},{"taxonomy":"post_tag","embeddable":true,"href":"https:\/\/www.europesays.com\/pt\/wp-json\/wp\/v2\/tags?post=167517"}],"curies":[{"name":"wp","href":"https:\/\/api.w.org\/{rel}","templated":true}]}}