{"id":167521,"date":"2025-11-27T21:27:09","date_gmt":"2025-11-27T21:27:09","guid":{"rendered":"https:\/\/www.europesays.com\/pt\/167521\/"},"modified":"2025-11-27T21:27:09","modified_gmt":"2025-11-27T21:27:09","slug":"faca-ela-voltar-familia-a-prova-de-balas-elvis-e-mais-estreias-da-semana-no-streaming","status":"publish","type":"post","link":"https:\/\/www.europesays.com\/pt\/167521\/","title":{"rendered":"\u2018Fa\u00e7a Ela Voltar\u2019, \u2018Fam\u00edlia \u00e0 Prova de Balas\u2019, \u2018Elvis\u2019 e mais estreias da semana no streaming"},"content":{"rendered":"<p data-component-name=\"paragraph\" class=\"styles__ParagraphStyled-sc-6adecn-0 gsLklW  \">Os \u00faltimos dias de novembro e o comecinho de dezembro trar\u00e3o boas estreias nas principais plataformas de streaming. Um dos maiores sucessos do terror em 2025, <strong>Fa\u00e7a Ela Voltar<\/strong> chega ao cat\u00e1logo da HBO Max j\u00e1 nesta sexta-feira, 28. No mesmo dia, o Prime Video estreia a com\u00e9dia <strong>Fam\u00edlia a Prova de Balas<\/strong>, estrelada por <strong>Kevin James<\/strong>.<\/p>\n<p data-component-name=\"paragraph\" class=\"styles__ParagraphStyled-sc-6adecn-0 gsLklW  \">Sucesso nos cinemas, <strong>Elvis<\/strong>, de <strong>Baz Luhrmann<\/strong>, chega \u00e0 Netflix na pr\u00f3xima ter\u00e7a-feira, 2, um dia depois da plataforma adicionar o cl\u00e1ssico <strong>Dr\u00e1cula de Bram Stoker<\/strong>, de <strong>Francis Ford Coppola<\/strong>, ao seu cat\u00e1logo.<\/p>\n<p data-component-name=\"paragraph\" class=\"styles__ParagraphStyled-sc-6adecn-0 gsLklW  \">Confira as principais estreias da semana nos streamings:<\/p>\n<p>Fa\u00e7a Ela Voltar <\/p>\n<p data-component-name=\"paragraph\" class=\"styles__ParagraphStyled-sc-6adecn-0 gsLklW  \">Ap\u00f3s a morte da m\u00e3e, um irm\u00e3o e uma irm\u00e3 s\u00e3o levados \u00e0 casa isolada de sua nova m\u00e3e adotiva. L\u00e1, eles descobrem um ritual aterrorizante que coloca suas vidas em perigo.<\/p>\n<p data-component-name=\"paragraph\" class=\"styles__ParagraphStyled-sc-6adecn-0 gsLklW  \">Fa\u00e7a Ela Voltar estreia em 28 de novembro na HBO Max.<\/p>\n<p>Fam\u00edlia \u00e0 Prova de Balas <\/p>\n<p>Tentando levar uma vida normal, o ex-policial e cobrador de d\u00edvidas da m\u00e1fia Ray (James) sonha em inaugurar seu restaurante ao lado da esposa, Alice (<strong>Christina Ricci<\/strong>), e largar seu atual trabalho violento. Quando sua \u00faltima miss\u00e3o d\u00e1 errado, ele precisa entrar em a\u00e7\u00e3o para salvar sua fam\u00edlia.<\/p>\n<p>Fam\u00edlia \u00e0 Prova de Balas chega em 28 de novembro no Prime Video.<\/p>\n<p>O Freelancer: O Homem Por Tr\u00e1s da Foto <\/p>\n<p data-component-name=\"paragraph\" class=\"styles__ParagraphStyled-sc-6adecn-0 gsLklW  \">Neste document\u00e1rio, a hist\u00f3ria por tr\u00e1s de uma das fotografias mais chocantes da Guerra do Vietn\u00e3 e do homem que a tirou \u00e9 analisada, com profissionais e historiadores revelando seus impactos e como ela influenciou o jornalismo de guerra.<\/p>\n<p data-component-name=\"paragraph\" class=\"styles__ParagraphStyled-sc-6adecn-0 gsLklW  \">O Freelancer: O Homem Por Tr\u00e1s da Foto estreia em 28 de novembro na Netflix.<\/p>\n<p>A Garota Canhota <\/p>\n<p data-component-name=\"paragraph\" class=\"styles__ParagraphStyled-sc-6adecn-0 gsLklW  \">Tentando recome\u00e7ar, uma mulher se muda com as duas filhas para Taip\u00e9, capital taiwanesa, para abrir uma barraca em uma feira noturna. Mas seus planos de uma nova vida s\u00e3o interrompidos quando segredos e tradi\u00e7\u00f5es antigas entram em seu caminho.<\/p>\n<p data-component-name=\"paragraph\" class=\"styles__ParagraphStyled-sc-6adecn-0 gsLklW  \">A Garota Canhota estreia em 28 de novembro na Netflix.<\/p>\n<p>Uma Vida &#8211; A Hist\u00f3ria de Nicholas Winton <\/p>\n<p data-component-name=\"paragraph\" class=\"styles__ParagraphStyled-sc-6adecn-0 gsLklW  \">Cinquenta anos depois de resgatar mais de 600 crian\u00e7as judias das garras do Terceiro Reich na Tchecoslov\u00e1quia, o humanit\u00e1rio <strong>Nicholas Winton<\/strong> (<strong>Anthony Hopkins<\/strong>) reencontra alguns desses sobreviventes, agora crescidos, em um programa de televis\u00e3o. Dirigido por <strong>James Hawes<\/strong>, o longa \u00e9 inspirado na hist\u00f3ria real de um banqueiro ingl\u00eas que arriscou a vida ao enfrentar o ex\u00e9rcito nazista.<\/p>\n<p data-component-name=\"paragraph\" class=\"styles__ParagraphStyled-sc-6adecn-0 gsLklW  \">Uma Vida &#8211; A Hist\u00f3ria de Nicholas Winton estreia em 28 de novembro na HBO Max.<\/p>\n<p>Dr\u00e1cula de Bram Stoker <\/p>\n<p data-component-name=\"paragraph\" class=\"styles__ParagraphStyled-sc-6adecn-0 gsLklW  \">Estrelado por <strong>Gary Oldman<\/strong>, <strong>Winona Ryder<\/strong>, Anthony Hopkins e <strong>Keanu Reeves<\/strong>, o filme de 1992 \u00e9 at\u00e9 hoje considerado uma das melhores adapta\u00e7\u00f5es da obra cl\u00e1ssica do terror de <strong>Bram Stoker<\/strong>. A hist\u00f3ria segue o lend\u00e1rio vampiro viajando \u00e0 Inglaterra para conquistar uma noiva, levando horror e morte ao seu destino.<\/p>\n<p data-component-name=\"paragraph\" class=\"styles__ParagraphStyled-sc-6adecn-0 gsLklW  \">J\u00e1 dispon\u00edvel em outras plataformas, Dr\u00e1cula de Bram Stoker chega em 1\u00ba de dezembro \u00e0 Netflix.<\/p>\n<p>Elvis <\/p>\n<p data-component-name=\"paragraph\" class=\"styles__ParagraphStyled-sc-6adecn-0 gsLklW  \">O diretor Baz Luhrmann traz seu estilo visual e grandioso a Elvis, filme que conta a hist\u00f3ria do Rei do Rock n\u2019 Roll, vivido por <strong>Austin Butler<\/strong>. O longa acompanha a trajet\u00f3ria de Elvis Presley, desde que foi descoberto pelo empres\u00e1rio <strong>Tom Parker<\/strong> (<strong>Tom Hanks<\/strong>) at\u00e9 os momentos finais de sua carreira.<\/p>\n<p data-component-name=\"paragraph\" class=\"styles__ParagraphStyled-sc-6adecn-0 gsLklW  \">Atualmente dispon\u00edvel em outros streamings, Elvis chega \u00e0 Netflix em 2 de novembro.<\/p>\n<p>Ilhados com a Sogra &#8211; 3\u00aa temporada <\/p>\n<p data-component-name=\"paragraph\" class=\"styles__ParagraphStyled-sc-6adecn-0 gsLklW  \"><strong>Fernanda Souza<\/strong> est\u00e1 de volta para apresentar a terceira temporada de <strong>Ilhados com a Sogra<\/strong>. Testando a uni\u00e3o de seis novas fam\u00edlias, o reality coloca sogras, aliadas a filhos e seus parceiros, para competir em uma s\u00e9rie de provas, com a fam\u00edlia problem\u00e1tica vencedora saindo da ilha paradis\u00edaca do programa com um grande pr\u00eamio em dinheiro.<\/p>\n<p data-component-name=\"paragraph\" class=\"styles__ParagraphStyled-sc-6adecn-0 gsLklW  \">A terceira temporada de Ilhados com a Sogra estreia na Netflix em 3 de dezembro.<\/p>\n","protected":false},"excerpt":{"rendered":"Os \u00faltimos dias de novembro e o comecinho de dezembro trar\u00e3o boas estreias nas principais plataformas de streaming.&hellip;\n","protected":false},"author":2,"featured_media":167522,"comment_status":"","ping_status":"","sticky":false,"template":"","format":"standard","meta":{"footnotes":""},"categories":[140],"tags":[114,115,147,148,35210,146,32,33],"class_list":{"0":"post-167521","1":"post","2":"type-post","3":"status-publish","4":"format-standard","5":"has-post-thumbnail","7":"category-filmes","8":"tag-entertainment","9":"tag-entretenimento","10":"tag-film","11":"tag-filmes","12":"tag-gerald-thomas","13":"tag-movies","14":"tag-portugal","15":"tag-pt"},"share_on_mastodon":{"url":"https:\/\/pubeurope.com\/@pt\/115623785100453955","error":""},"_links":{"self":[{"href":"https:\/\/www.europesays.com\/pt\/wp-json\/wp\/v2\/posts\/167521","targetHints":{"allow":["GET"]}}],"collection":[{"href":"https:\/\/www.europesays.com\/pt\/wp-json\/wp\/v2\/posts"}],"about":[{"href":"https:\/\/www.europesays.com\/pt\/wp-json\/wp\/v2\/types\/post"}],"author":[{"embeddable":true,"href":"https:\/\/www.europesays.com\/pt\/wp-json\/wp\/v2\/users\/2"}],"replies":[{"embeddable":true,"href":"https:\/\/www.europesays.com\/pt\/wp-json\/wp\/v2\/comments?post=167521"}],"version-history":[{"count":0,"href":"https:\/\/www.europesays.com\/pt\/wp-json\/wp\/v2\/posts\/167521\/revisions"}],"wp:featuredmedia":[{"embeddable":true,"href":"https:\/\/www.europesays.com\/pt\/wp-json\/wp\/v2\/media\/167522"}],"wp:attachment":[{"href":"https:\/\/www.europesays.com\/pt\/wp-json\/wp\/v2\/media?parent=167521"}],"wp:term":[{"taxonomy":"category","embeddable":true,"href":"https:\/\/www.europesays.com\/pt\/wp-json\/wp\/v2\/categories?post=167521"},{"taxonomy":"post_tag","embeddable":true,"href":"https:\/\/www.europesays.com\/pt\/wp-json\/wp\/v2\/tags?post=167521"}],"curies":[{"name":"wp","href":"https:\/\/api.w.org\/{rel}","templated":true}]}}