{"id":167551,"date":"2025-11-27T22:01:10","date_gmt":"2025-11-27T22:01:10","guid":{"rendered":"https:\/\/www.europesays.com\/pt\/167551\/"},"modified":"2025-11-27T22:01:10","modified_gmt":"2025-11-27T22:01:10","slug":"tratamento-precoce-da-apneia-do-sono-pode-reduzir-risco-de-parkinson","status":"publish","type":"post","link":"https:\/\/www.europesays.com\/pt\/167551\/","title":{"rendered":"Tratamento precoce da apneia do sono pode reduzir risco de Parkinson"},"content":{"rendered":"<p>Um novo estudo sugere que tratar precocemente a apneia obstrutiva do sono pode reduzir de forma significativa o risco de desenvolver doen\u00e7a de Parkinson. A investiga\u00e7\u00e3o, publicada esta semana na revista <a aria-label=\"content\" target=\"_blank\" href=\"https:\/\/jamanetwork.com\/journals\/jamaneurology\/article-abstract\/2841763?utm_campaign=articlePDF&amp;utm_medium=articlePDFlink&amp;utm_source=articlePDF&amp;utm_content=jamaneurol.2025.4691\" rel=\"nofollow noopener\">JAMA Neurology<\/a>, analisou os processos cl\u00ednicos de mais de 11 milh\u00f5es de veteranos norte-americanos entre 1999 e 2022.<\/p>\n<p>A equipa de cientistas da Oregon Health &amp; Science University concluiu que <strong>os veteranos diagnosticados com apneia obstrutiva do sono tinham quase o dobro da probabilidade de receber um diagn\u00f3stico de Parkinson at\u00e9 seis anos depois<\/strong>, quando comparados com pessoas sem apneia.<\/p>\n<p>Mas h\u00e1 um dado que mudou o rumo da an\u00e1lise. Entre os doentes que come\u00e7aram a usar uma m\u00e1quina de press\u00e3o positiva cont\u00ednua (CPAP) num per\u00edodo de dois anos ap\u00f3s o diagn\u00f3stico, o risco de vir a desenvolver Parkinson caiu cerca de 30 por cento.<\/p>\n<p>A CPAP mant\u00e9m as vias respirat\u00f3rias abertas durante o sono, garantindo n\u00edveis de oxig\u00e9nio est\u00e1veis e melhorando a qualidade do descanso. Mesmo ap\u00f3s o controlo de fatores como obesidade, diabetes, hipertens\u00e3o, depress\u00e3o, ansiedade e traumatismos cranianos, o risco associado \u00e0 apneia manteve-se.<\/p>\n<p>O neurologista Lee Neilson, coautor do estudo, explica que a descoberta segue uma linha l\u00f3gica. \u201c<strong>Sabemos que as pessoas com Parkinson t\u00eam muitas dificuldades de sono, por isso fazia sentido que esses problemas aparecessem antes de a doen\u00e7a se manifestar<\/strong>\u201d, afirmou \u00e0 <a aria-label=\"content\" target=\"_blank\" href=\"https:\/\/abcnews.go.com\/Health\/early-treatment-sleep-apnea-reduce-risk-parkinsons-disease\/story?cid=social_twitter_abcn&amp;utm_social_handle_id=28785486&amp;id=127856721&amp;utm_social_post_id=606329463\" rel=\"nofollow noopener\">ABC News<\/a>.<\/p>\n<p>Para Neilson, a falta prolongada de oxig\u00e9nio durante a noite pode ser um dos elementos que contribuem para o avan\u00e7o da doen\u00e7a.<\/p>\n<p>A doen\u00e7a de Parkinson \u00e9 um dist\u00farbio neurodegenerativo que destr\u00f3i gradualmente neur\u00f3nios produtores de dopamina, essenciais para o controlo dos movimentos. <strong>Dados relativos a 2021 indicam que a doen\u00e7a afetava cerca de 11 milh\u00f5es de pessoas em todo o mundo, com proje\u00e7\u00f5es para atingir 25 milh\u00f5es em 2050.<\/strong><\/p>\n<p>Embora os resultados do estudo sejam promissores, Neilson reconhece limita\u00e7\u00f5es, como o facto de a base de dados usada incluir sobretudo homens brancos, o que dificulta a generaliza\u00e7\u00e3o a outros grupos.<\/p>\n<p>O estudo deixa, no entanto, um ponto claro. N\u00e3o \u00e9 garantido que a apneia leve \u00e0 doen\u00e7a, mas ignor\u00e1-la pode aumentar o perigo. E trat\u00e1-la em fases precoces pode fazer uma diferen\u00e7a substancial. &#8220;<strong>Medidas de triagem eficazes e protocolos para ades\u00e3o consistente ao CPAP podem ter grandes impactos na sa\u00fade cerebral&#8221;,<\/strong> referem os cientistas.<\/p>\n","protected":false},"excerpt":{"rendered":"Um novo estudo sugere que tratar precocemente a apneia obstrutiva do sono pode reduzir de forma significativa o&hellip;\n","protected":false},"author":2,"featured_media":167552,"comment_status":"","ping_status":"","sticky":false,"template":"","format":"standard","meta":{"footnotes":""},"categories":[86],"tags":[4360,109,6447,116,32,33,117],"class_list":{"0":"post-167551","1":"post","2":"type-post","3":"status-publish","4":"format-standard","5":"has-post-thumbnail","7":"category-saude","8":"tag-apneia-do-sono","9":"tag-ciencia","10":"tag-doenca-de-parkinson","11":"tag-health","12":"tag-portugal","13":"tag-pt","14":"tag-saude"},"share_on_mastodon":{"url":"https:\/\/pubeurope.com\/@pt\/115623918524435177","error":""},"_links":{"self":[{"href":"https:\/\/www.europesays.com\/pt\/wp-json\/wp\/v2\/posts\/167551","targetHints":{"allow":["GET"]}}],"collection":[{"href":"https:\/\/www.europesays.com\/pt\/wp-json\/wp\/v2\/posts"}],"about":[{"href":"https:\/\/www.europesays.com\/pt\/wp-json\/wp\/v2\/types\/post"}],"author":[{"embeddable":true,"href":"https:\/\/www.europesays.com\/pt\/wp-json\/wp\/v2\/users\/2"}],"replies":[{"embeddable":true,"href":"https:\/\/www.europesays.com\/pt\/wp-json\/wp\/v2\/comments?post=167551"}],"version-history":[{"count":0,"href":"https:\/\/www.europesays.com\/pt\/wp-json\/wp\/v2\/posts\/167551\/revisions"}],"wp:featuredmedia":[{"embeddable":true,"href":"https:\/\/www.europesays.com\/pt\/wp-json\/wp\/v2\/media\/167552"}],"wp:attachment":[{"href":"https:\/\/www.europesays.com\/pt\/wp-json\/wp\/v2\/media?parent=167551"}],"wp:term":[{"taxonomy":"category","embeddable":true,"href":"https:\/\/www.europesays.com\/pt\/wp-json\/wp\/v2\/categories?post=167551"},{"taxonomy":"post_tag","embeddable":true,"href":"https:\/\/www.europesays.com\/pt\/wp-json\/wp\/v2\/tags?post=167551"}],"curies":[{"name":"wp","href":"https:\/\/api.w.org\/{rel}","templated":true}]}}