{"id":167563,"date":"2025-11-27T22:13:12","date_gmt":"2025-11-27T22:13:12","guid":{"rendered":"https:\/\/www.europesays.com\/pt\/167563\/"},"modified":"2025-11-27T22:13:12","modified_gmt":"2025-11-27T22:13:12","slug":"bugonia-com-emma-stone-estreia-nos-cinemas-27-11-2025-cinema","status":"publish","type":"post","link":"https:\/\/www.europesays.com\/pt\/167563\/","title":{"rendered":"&#8216;Bugonia&#8217;, com Emma Stone, estreia nos cinemas &#8211; 27\/11\/2025 &#8211; Cinema"},"content":{"rendered":"<p>  S\u00e3o Paulo<\/p>\n<p>      Os cinemas de S\u00e3o Paulo recebem dez novos filmes nesta semana. Entre os destaques est\u00e3o &#8220;<a href=\"https:\/\/www1.folha.uol.com.br\/ilustrada\/2025\/11\/bugonia-com-emma-stone-ecoa-entre-filmes-absurdos-que-refletem-mundo-em-crise.shtml\" rel=\"nofollow noopener\" target=\"\">Bugonia<\/a>&#8220;, longa de <a href=\"https:\/\/www1.folha.uol.com.br\/ilustrada\/2025\/09\/bugonia-novo-filme-de-yorgos-lanthimos-estara-na-mostra-de-cinema-de-sp.shtml\" rel=\"nofollow noopener\" target=\"\">Yorgos Lanthimos<\/a> com <a href=\"https:\/\/www1.folha.uol.com.br\/folha-topicos\/emma-stone\/\" rel=\"nofollow noopener\" target=\"_blank\">Emma Stone<\/a> no elenco, e &#8220;<a href=\"https:\/\/www1.folha.uol.com.br\/amp\/ilustrada\/2025\/11\/como-jennifer-lawrence-que-vive-mae-feroz-devorou-o-cinema-apos-jogos-vorazes.shtml\" rel=\"nofollow noopener\" target=\"\">Morra, Amor<\/a>&#8220;, protagonizado por <a href=\"https:\/\/www1.folha.uol.com.br\/folha-topicos\/jennifer-lawrence\/\" rel=\"nofollow noopener\" target=\"_blank\">Jennifer Lawrence<\/a> e <a href=\"https:\/\/www1.folha.uol.com.br\/ilustrada\/2025\/03\/mickey-17-com-robert-pattinson-voa-baixo-mas-vale-pelas-atuacoes.shtml\" rel=\"nofollow noopener\" target=\"\">Robert Pattinson<\/a>.\n    <\/p>\n<p>Tamb\u00e9m chega \u00e0s telonas a anima\u00e7\u00e3o da <a href=\"https:\/\/www1.folha.uol.com.br\/folha-topicos\/disney\/\" rel=\"nofollow noopener\" target=\"_blank\">Disney<\/a>, <a href=\"https:\/\/www1.folha.uol.com.br\/ilustrada\/2025\/11\/zootopia-2-amplia-sua-cidade-de-animais-para-debater-preconceito.shtml\" rel=\"nofollow noopener\" target=\"_blank\">&#8220;Zootopia 2&#8221;<\/a>, que traz Judy e Nick para uma nova aventura. Veja a agenda de <a href=\"https:\/\/www1.folha.uol.com.br\/folha-topicos\/cinema\/\" rel=\"nofollow noopener\" target=\"_blank\">cinema<\/a> de <a href=\"https:\/\/www1.folha.uol.com.br\/folha-topicos\/sao-paulo\/\" rel=\"nofollow noopener\" target=\"_blank\">S\u00e3o Paulo<\/a>.<\/p>\n<p>    <img decoding=\"async\" src=\"https:\/\/www.europesays.com\/pt\/wp-content\/uploads\/2025\/11\/17641822976927491948c41_1764182297_3x2_md.jpg\" alt=\"\"  loading=\"lazy\" class=\"c-image\"\/><\/p>\n<p>    Emma Stone em cena do filme &#8220;Bugonia&#8221;, de Yorgos Lanthimos<\/p>\n<p>          &#8211;<br \/>\n          Divulga\u00e7\u00e3o<\/p>\n<p><strong>Apolo<\/strong><br \/>&#13;<br \/>\nBrasil, 2025. Dir.: Tain\u00e1 M\u00fcller e Isis Broken. 82 min. 12 anos.<br \/>&#13;<br \/>\nO document\u00e1rio traz a hist\u00f3ria de Isis e Lourenzo, casal trans que tem um filho na pandemia.No momento da gravidez, eles viajam pelo Brasil em busca de um pr\u00e9-natal respeitoso e especializado. Na busca, enfrentam um pa\u00eds hostil \u00e0 transsexualidade.<\/p>\n<p><strong>Bugonia<\/strong><br \/>&#13;<br \/>\nBugonia. EUA\/Coreia do Sul\/Irlanda\/Canad\u00e1, 2025. Dir.: Yorgos Lanthimos. Com: Emma Stone, Jesse Plemons e Alicia Silverstone. 120 min. 18 anos.<br \/>&#13;<br \/>\nUma CEO de uma grande empresa (Emma Stone) \u00e9 sequestrada por dois jovens obcecados por teorias da conspira\u00e7\u00e3o. Eles acreditam que a executiva \u00e9 uma alien\u00edgena da ra\u00e7a dos andromedanos, que t\u00eam o plano de destruir o planeta Terra.<\/p>\n<p><strong>Guarde o Cora\u00e7\u00e3o na Palma da M\u00e3o e Caminhe<\/strong><br \/>&#13;<br \/>\nPut Your Soul on Your Hand and Walk. Fran\u00e7a\/Palestina\/Ir\u00e3, 2025. Dir.: Sepideh Farsi. 100 min. 14 anos.<br \/>&#13;<br \/>\nO document\u00e1rio foi criado a partir de videochamadas entre a diretora Sepideh Farsi e a fot\u00f3grafa palestina Fatma Hassona. Ela documentava sua vida em Gaza em meio a bombardeios do Ex\u00e9rcito de Israel, at\u00e9 ser morta por um ataque a\u00e9reo.<\/p>\n<p>    <img decoding=\"async\" src=\"https:\/\/www.europesays.com\/pt\/wp-content\/uploads\/2025\/11\/17640177926924c680a51b4_1764017792_3x2_md.jpg\" alt=\"Mulher com len\u00e7o na cabe\u00e7a senta-se em cadeira em meio a escombros e destro\u00e7os dentro de pr\u00e9dio danificado. Luz entra por janelas verticais ao fundo.\"  loading=\"lazy\" class=\"c-image\"\/><\/p>\n<p>    A fotojornalista palestina Fatma Hassona<\/p>\n<p>          &#8211;<br \/>\n          Filmes do Esta\u00e7\u00e3o\/Divulga\u00e7\u00e3o <\/p>\n<p><strong>M\u00e3e Fora da Caixa<\/strong><br \/>&#13;<br \/>\nBrasil, 2025. Dir.: Manuh Fontes. Com: Mi\u00e1 Mello, Danton Mello e Malu Valle. 90 min. 12 anos.<br \/>&#13;<br \/>\nManu (Mi\u00e1 Mello) \u00e9 uma mulher de sucesso que leva uma vida intensa e planejada. A ideia de controlar tudo \u00e9 colocada \u00e0 prova com o nascimento de sua primeira filha. \u00c9 inspirado no livro hom\u00f4nimo de Tha\u00eds Vilarinho, que j\u00e1 tinha virado pe\u00e7a protagonizada pela atriz.<\/p>\n<p><strong>Mem\u00f3rias de um Ver\u00e3o<\/strong><br \/>&#13;<br \/>\nThe Summer Book. EUA\/Finl\u00e2ndia\/Reino Unido, 2024. Dir.: Charlie McDowell. Com: Glenn Close, Emily Matthews e Anders Danielsen Lie. 90 min. 14 anos.<br \/>&#13;<br \/>\nAp\u00f3s uma perda significativa na fam\u00edlia, Sophia, de 9 anos, \u00e9 enviada para passar o ver\u00e3o com a av\u00f3 em ilha na Finl\u00e2ndia L\u00e1, as duas compartilham aprendizados sobre a natureza e o luto, fortalecendo o la\u00e7o entre as duas.<\/p>\n<p><strong>Morra, Amor<\/strong><br \/>&#13;<br \/>\nDie, My Love. EUA, 2025. Dir.: Lynne Ramsay. Com: Jennifer Lawrence, Robert Pattinson e Lakeith Stanfield. 118 min. 16 anos.<br \/>&#13;<br \/>\nGrace (Jennifer Lawrence) e Jackson (Robert Pattinson) um casal prestes a ter um filho, mudam-se para uma casa de campo que herdaram. Ap\u00f3s o nascimento do beb\u00ea, Grace, aspirante a escritora, sofre com o isolamento. Com a sa\u00fade mental em decl\u00ednio, o seu casamento fica abalado.<\/p>\n<p><strong>A Natureza das Coisas Invis\u00edveis<\/strong><br \/>&#13;<br \/>\nBrasil\/Chile, 2025. Dir.: Rafaela Camelo. Com: Serena, Laura Brand\u00e3o e Camila M\u00e1rdila. 90 min. 12 anos.<br \/>&#13;<br \/>\nDurante as f\u00e9rias, Gl\u00f3ria, de dez anos, passa seu tempo no hospital em que a m\u00e3e trabalha. L\u00e1, conhece Sofia, cuja bisav\u00f3 est\u00e1 internada com Alzheimer. Junto com as m\u00e3es viajam para Goi\u00e1s, onde aprender a lidar com o luto.<\/p>\n<p><strong>Quase Deserto<\/strong><br \/>&#13;<br \/>\nAlmost Deserted. EUA\/Brasil, 2025. Dir.: Jos\u00e9 Eduardo Belmonte. Com: Angela Sarafyan, Daniel Hendler e Vinicius de Oliveira. 106 min. 14 anos.<br \/>&#13;<br \/>\nEm Detroit, no per\u00edodo p\u00f3s-pandemia e durante a elei\u00e7\u00e3o presidencial entre Trump e Biden, dois imigrantes latinos sem vistos presenciam um assassinato e salvam a \u00fanica sobrevivente: uma americana com uma s\u00edndrome rara que afeta sua sociabilidade. Juntos, os tr\u00eas embarcam em uma fuga desesperada em busca de um novo come\u00e7o em meio \u00e0s ru\u00ednas da metr\u00f3pole.<\/p>\n<p>    <img decoding=\"async\" src=\"https:\/\/www.europesays.com\/pt\/wp-content\/uploads\/2025\/11\/17637569876920cbbb3cb08_1763756987_3x2_md.jpg\" alt=\"Tr\u00eas adultos est\u00e3o pr\u00f3ximos a uma porta aberta em um ambiente interno. Um homem \u00e0 esquerda veste camisa marrom, ao centro outro homem com barba e cabelo grisalho, e uma mulher \u00e0 direita com cabelo escuro e cachecol vermelho. A parede \u00e0 direita tem pintura azul com marcas amarelas.\"  loading=\"lazy\" class=\"c-image\"\/><\/p>\n<p>    Os atores Vinicius de Oliveira, Daniel Hendler, Angela Sarafyan em cena do filme &#8216;Quase Deserto&#8217;, de Jos\u00e9 Eduardo Belmonte<\/p>\n<p>          &#8211;<br \/>\n          Leslie Montero\/Divulga\u00e7\u00e3o <\/p>\n<p><strong>Rob1n: Intelig\u00eancia Assassina<\/strong><br \/>&#13;<br \/>\nRob1n. Reino Unido, 2025. Dir.: Lawrence Fowler. Com: Ethan Taylor, Simon Davies e Leona Clarke. 90 min. 18 anos.<br \/>&#13;<br \/>\nUm especialista em rob\u00f3tica, consumido pelo luto ap\u00f3s perder seu filho de 11 anos, transfere sua dor para a cria\u00e7\u00e3o de um boneco rob\u00f3tico, chamado Rob1n. Uma s\u00e9rie de eventos aterrorizantes revela que o rob\u00f4 far\u00e1 qualquer coisa para ter a aten\u00e7\u00e3o e o afeto de seu criador.<\/p>\n<p><strong>Zootopia 2<\/strong><br \/>&#13;<br \/>\nZootopia 2. EUA,2025. Dir.: Jared Bush e Byron Howard. 108 min. 6 anos.<br \/>&#13;<br \/>\nO segundo filme da franquia acompanha a coelha Judy Hopps e a raposa Nick Wilde em mais um desafio na cidade dos animais. Com a chegada de Gary, o misterioso e venenoso r\u00e9ptil, a amizade da dupla \u00e9 colocada \u00e0 prova.<\/p>\n<p>  Eventos<\/p>\n<p><a href=\"https:\/\/guia.folha.uol.com.br\/cinema\/2025\/11\/festival-de-cinema-frances-do-brasil-apresenta-filmes-ineditos-que-estiveram-em-cannes.shtml\" rel=\"nofollow noopener\" target=\"\"><strong>16\u00ba Festival de Cinema Franc\u00eas do Brasil<\/strong><\/a><br \/>&#13;<br \/>\nAntes conhecido como Varilux, chega a S\u00e3o Paulo para exibir filmes in\u00e9ditos do pa\u00eds europeu. Em cartaz at\u00e9 dia 10 de dezembro, o evento tamb\u00e9m homenageia o ator e diretor Pierre Richard. Na programa\u00e7\u00e3o est\u00e3o 6 filmes exibidos no Festival de Cannes; 5 s\u00e3o in\u00e9ditos nos cinemas brasileiros. Na capital, o festival acontece nos cinemas Cinesystem (Morumbi Town, Belas Artes Frei Caneca e Pompeia), Cine Segall, Espa\u00e7o Petrobras de Cinema, Cine LT3, Cine Satyros Bijou, Reag Belas Artes, Cin\u00e9polis Jardim Pamplona e Cine Marquise. Os ingressos variam acordo com cada cinema.<br \/>&#13;<br \/>\nMais informa\u00e7\u00f5es em <a href=\"https:\/\/festivalcinefrances.com.br\/\" rel=\"nofollow noopener\" target=\"_blank\">festivalcinefrances.com.br<\/a><\/p>\n<p><b>Belas Sonoriza Tempos Modernos<\/b><br \/>&#13;<br \/>\nNa edi\u00e7\u00e3o de novembro do Belas Sonoriza ser\u00e1 exibido o cl\u00e1ssico &#8220;Tempos Modernos&#8221;, dirigido e estrelado por Charles Chaplin. O filme completa 90 anos e ter\u00e1 a trilha sonora ao vivo o quarteto paulistano Rock\u2019n\u2019Jazz. O longa acompanha um oper\u00e1rio que entra em colapso durante o trabalho e acaba sendo internado em um manic\u00f4mio. Quando deixa o hospital, ele tenta levar uma vida normal.<br \/>&#13;<br \/>\nReag Belas Artes \u2013 r. da Consola\u00e7\u00e3o, 2.423, Consola\u00e7\u00e3o, regi\u00e3o central. Dom. (30), \u00e0s 14h. Ingr.: R$ 80 (inteira), pela bilheteria ou pelo site <a href=\"http:\/\/veloxtickets.com\" target=\"_blank\" rel=\"nofollow noopener\">veloxtickets.com<\/a> <\/p>\n","protected":false},"excerpt":{"rendered":"S\u00e3o Paulo Os cinemas de S\u00e3o Paulo recebem dez novos filmes nesta semana. Entre os destaques est\u00e3o &#8220;Bugonia&#8220;,&hellip;\n","protected":false},"author":2,"featured_media":167564,"comment_status":"","ping_status":"","sticky":false,"template":"","format":"standard","meta":{"footnotes":""},"categories":[140],"tags":[35241,207,470,1579,9401,114,115,147,471,148,761,4169,146,32,33,14908,654,600,35240],"class_list":{"0":"post-167563","1":"post","2":"type-post","3":"status-publish","4":"format-standard","5":"has-post-thumbnail","7":"category-filmes","8":"tag-animacao-infantil","9":"tag-arte","10":"tag-cinema","11":"tag-disney","12":"tag-emma-stone","13":"tag-entertainment","14":"tag-entretenimento","15":"tag-film","16":"tag-filme","17":"tag-filmes","18":"tag-guia-folha","19":"tag-jennifer-lawrence","20":"tag-movies","21":"tag-portugal","22":"tag-pt","23":"tag-robert-pattinson","24":"tag-sao-paulo","25":"tag-veja-video","26":"tag-zootopia"},"share_on_mastodon":{"url":"https:\/\/pubeurope.com\/@pt\/115623966389799928","error":""},"_links":{"self":[{"href":"https:\/\/www.europesays.com\/pt\/wp-json\/wp\/v2\/posts\/167563","targetHints":{"allow":["GET"]}}],"collection":[{"href":"https:\/\/www.europesays.com\/pt\/wp-json\/wp\/v2\/posts"}],"about":[{"href":"https:\/\/www.europesays.com\/pt\/wp-json\/wp\/v2\/types\/post"}],"author":[{"embeddable":true,"href":"https:\/\/www.europesays.com\/pt\/wp-json\/wp\/v2\/users\/2"}],"replies":[{"embeddable":true,"href":"https:\/\/www.europesays.com\/pt\/wp-json\/wp\/v2\/comments?post=167563"}],"version-history":[{"count":0,"href":"https:\/\/www.europesays.com\/pt\/wp-json\/wp\/v2\/posts\/167563\/revisions"}],"wp:featuredmedia":[{"embeddable":true,"href":"https:\/\/www.europesays.com\/pt\/wp-json\/wp\/v2\/media\/167564"}],"wp:attachment":[{"href":"https:\/\/www.europesays.com\/pt\/wp-json\/wp\/v2\/media?parent=167563"}],"wp:term":[{"taxonomy":"category","embeddable":true,"href":"https:\/\/www.europesays.com\/pt\/wp-json\/wp\/v2\/categories?post=167563"},{"taxonomy":"post_tag","embeddable":true,"href":"https:\/\/www.europesays.com\/pt\/wp-json\/wp\/v2\/tags?post=167563"}],"curies":[{"name":"wp","href":"https:\/\/api.w.org\/{rel}","templated":true}]}}