{"id":167577,"date":"2025-11-27T22:28:10","date_gmt":"2025-11-27T22:28:10","guid":{"rendered":"https:\/\/www.europesays.com\/pt\/167577\/"},"modified":"2025-11-27T22:28:10","modified_gmt":"2025-11-27T22:28:10","slug":"o-cristiano-ronaldo-nao-e-assim-tao-dificil-de-marcar-mas","status":"publish","type":"post","link":"https:\/\/www.europesays.com\/pt\/167577\/","title":{"rendered":"\u00abO Cristiano Ronaldo n\u00e3o \u00e9 assim t\u00e3o dif\u00edcil de marcar, mas&#8230;\u00bb"},"content":{"rendered":"<p>&#8211; Advertisement &#8211;<\/p>\n<p><strong>R\u00faben Semedo concedeu uma entrevista. O defesa central portugu\u00eas voltou aos relvados e representa agora o AVS SAD, da Primeira Liga.<\/strong><\/p>\n<p>R\u00faben Semedo deu uma entrevista ao jornal O Jogo. O defesa central, que <a href=\"https:\/\/bolanarede.pt\/especial-bola-na-rede\/atualidade\/ruben-semedo-confirmado-como-novo-jogador-do-avs-sad\/\" target=\"_blank\" rel=\"noreferrer noopener nofollow\">rumou ao AVS SAD j\u00e1 neste ano civil<\/a>, falou dos melhores defesas portugueses e colocou-se no lote dos tr\u00eas melhores. <\/p>\n<p>\u00abO top 3, na minha opini\u00e3o\u2026 O R\u00faben Dias \u00e9 bom, o Gon\u00e7alo In\u00e1cio \u00e9 bom e eu tamb\u00e9m me considero muito bom\u00bb, destacou R\u00faben Semedo, antes de destacar os avan\u00e7ados mais dif\u00edceis com quem j\u00e1 trabalhou.<\/p>\n<p>\u00abO Cristiano Ronaldo, o Benzema e o Aubameyang. \u00c9 subjetivo. O Cristiano Ronaldo n\u00e3o \u00e9 assim t\u00e3o dif\u00edcil de marcar, mas faz sempre golos. A resposta \u00e9 um bocadinho dif\u00edcil, mas o Cristiano e o Aubameyang\u00bb, considerou R\u00faben Semedo. <\/p>\n<p>L\u00ea <a href=\"https:\/\/bolanarede.pt\/etiqueta\/ruben-semedo\/\" target=\"_blank\" rel=\"noreferrer noopener nofollow\">outras declara\u00e7\u00f5es de R\u00faben Semedo<\/a> em entrevista. <\/p>\n","protected":false},"excerpt":{"rendered":"&#8211; Advertisement &#8211; R\u00faben Semedo concedeu uma entrevista. O defesa central portugu\u00eas voltou aos relvados e representa agora&hellip;\n","protected":false},"author":2,"featured_media":167578,"comment_status":"","ping_status":"","sticky":false,"template":"","format":"standard","meta":{"footnotes":""},"categories":[87],"tags":[260,1846,667,135,32,479,33,25797,134],"class_list":{"0":"post-167577","1":"post","2":"type-post","3":"status-publish","4":"format-standard","5":"has-post-thumbnail","7":"category-desporto","8":"tag-atualidade","9":"tag-avs-sad","10":"tag-cristiano-ronaldo","11":"tag-desporto","12":"tag-portugal","13":"tag-primeira-liga","14":"tag-pt","15":"tag-ruben-semedo","16":"tag-sports"},"share_on_mastodon":{"url":"https:\/\/pubeurope.com\/@pt\/115624024790614119","error":""},"_links":{"self":[{"href":"https:\/\/www.europesays.com\/pt\/wp-json\/wp\/v2\/posts\/167577","targetHints":{"allow":["GET"]}}],"collection":[{"href":"https:\/\/www.europesays.com\/pt\/wp-json\/wp\/v2\/posts"}],"about":[{"href":"https:\/\/www.europesays.com\/pt\/wp-json\/wp\/v2\/types\/post"}],"author":[{"embeddable":true,"href":"https:\/\/www.europesays.com\/pt\/wp-json\/wp\/v2\/users\/2"}],"replies":[{"embeddable":true,"href":"https:\/\/www.europesays.com\/pt\/wp-json\/wp\/v2\/comments?post=167577"}],"version-history":[{"count":0,"href":"https:\/\/www.europesays.com\/pt\/wp-json\/wp\/v2\/posts\/167577\/revisions"}],"wp:featuredmedia":[{"embeddable":true,"href":"https:\/\/www.europesays.com\/pt\/wp-json\/wp\/v2\/media\/167578"}],"wp:attachment":[{"href":"https:\/\/www.europesays.com\/pt\/wp-json\/wp\/v2\/media?parent=167577"}],"wp:term":[{"taxonomy":"category","embeddable":true,"href":"https:\/\/www.europesays.com\/pt\/wp-json\/wp\/v2\/categories?post=167577"},{"taxonomy":"post_tag","embeddable":true,"href":"https:\/\/www.europesays.com\/pt\/wp-json\/wp\/v2\/tags?post=167577"}],"curies":[{"name":"wp","href":"https:\/\/api.w.org\/{rel}","templated":true}]}}