{"id":167581,"date":"2025-11-27T22:33:20","date_gmt":"2025-11-27T22:33:20","guid":{"rendered":"https:\/\/www.europesays.com\/pt\/167581\/"},"modified":"2025-11-27T22:33:20","modified_gmt":"2025-11-27T22:33:20","slug":"leao-xiv-chega-a-istambul","status":"publish","type":"post","link":"https:\/\/www.europesays.com\/pt\/167581\/","title":{"rendered":"Le\u00e3o XIV chega a Istambul"},"content":{"rendered":"<p>Dia intenso para Le\u00e3o XIV em seu primeiro dia em terras turcas, marcado por encontros oficiais com autoridades. Ao final da tarde, o Papa deixou a capital Ancara, rumo a Istambul.<\/p>\n<p><b>Vatican News<\/b><\/p>\n<p>Ap\u00f3s cumprir extensa agenda em Ancara, o Papa deixou a capital turca \u00e0s 18h35 (hora local) a bordo do Airbus A320neo da Ita Airways, com destino a Istambul, onde chegou \u00e0s 19h12 no Aeroporto Istanbul-Atat\u00fcrk. Logo ao descer do avi\u00e3o, o Pont\u00edfice foi acolhido por algumas crian\u00e7as que lhe ofereceram flores e por autoridades locais. N\u00e3o houve discursos. Ap\u00f3s as breves sauda\u00e7\u00f5es, o Pont\u00edfice se deslocou em autom\u00f3vel at\u00e9 a Delega\u00e7\u00e3o Apost\u00f3lica, distante 24 km, que o acolher\u00e1 durante sua perman\u00eancia em Istambul.<\/p>\n<p>Na manh\u00e3 de sexta-feira, 28, o Pont\u00edfice reza a Missa de forma privada logo cedo e segue para a Catedral do Esp\u00edrito Santo, para o encontro de ora\u00e7\u00e3o com os bispos, sacerdotes, di\u00e1conos, consagrados, consagradas e agentes de pastoral. Logo ap\u00f3s, a visita \u00e0 Casa de Acolhida para idosos das Irm\u00e3zinhas dos Pobres.<\/p>\n<p>Le\u00e3o XIV retorna ent\u00e3o \u00e0 Delega\u00e7\u00e3o Apost\u00f3lica para o encontro privado com o rabino chefe da Turquia. Ap\u00f3s o almo\u00e7o, o deslocamento em helic\u00f3ptero at\u00e9 Iznik, antiga Niceia, para o Encontro Ecum\u00eanico de Ora\u00e7\u00e3o nas proximidades das escava\u00e7\u00f5es arqueol\u00f3gicas da antiga Bas\u00edlica de S\u00e3o Ne\u00f3fito.<\/p>\n<p>Ap\u00f3s o momento de ora\u00e7\u00e3o, o retorno a Istambul, onde na Delega\u00e7\u00e3o Apost\u00f3lica encontrar\u00e1 os bispos da Turquia de forma privada.<\/p>\n<p>Visita \u00e0 Dyanet, \u00faltimo compromisso em Ancara<br \/>\n\u00a0 <\/p>\n<p>O \u00faltimo compromisso do Papa em Ancara foi a visita \u00e0 Presid\u00eancia para os Assuntos Religiosos (Dyanet), onde encontrou-se com Safi Arpagu\u015f para um breve col\u00f3quio.<\/p>\n<p>    <img decoding=\"async\" src=\"data:image\/gif;base64,R0lGODlhAQABAIAAAAAAAP\/\/\/yH5BAEAAAAALAAAAAABAAEAAAIBRAA7\" data-original=\"https:\/\/www.vaticannews.va\/content\/dam\/vaticannews\/agenzie\/images\/srv\/2025\/11\/27\/viaggio-apostolico-in-tuerkiye-e-libano\/1764253298905.JPG\/_jcr_content\/renditions\/cq5dam.thumbnail.cropped.750.422.jpeg\" alt=\"O Papa com o presidente para os Assuntos Religiosos, Safi Arpagu\u015f   \" title=\"O Papa com o presidente para os Assuntos Religiosos, Safi Arpagu\u015f   \"\/><\/p>\n<p>\n   O Papa com o presidente para os Assuntos Religiosos, Safi Arpagu\u015f \u00a0 (@Vatican Media)\n  <\/p>\n<p>Na Turquia, as quest\u00f5es religiosas est\u00e3o sob a jurisdi\u00e7\u00e3o da Presid\u00eancia dos Assuntos Religiosos (Diyanet), uma ag\u00eancia estatal criada em 1924 (Artigo 136) para substituir a autoridade religiosa otomana (Shayk al-Islam) ap\u00f3s a aboli\u00e7\u00e3o do Califado. A ag\u00eancia est\u00e1 subordinada ao escrit\u00f3rio\u00a0 do presidente e promove os ensinamentos e pr\u00e1ticas do islamismo sunita.<\/p>\n<p>A Constitui\u00e7\u00e3o turca define o pa\u00eds como um Estado laico (Artigo 2). A Carta garante a liberdade de consci\u00eancia, cren\u00e7a religiosa, convic\u00e7\u00e3o, express\u00e3o e culto. O Artigo 24 pro\u00edbe a discrimina\u00e7\u00e3o por motivos religiosos e a explora\u00e7\u00e3o ou o abuso de &#8220;sentimentos e objetos religiosos considerados sagrados pelas religi\u00f5es&#8221;. O Estado interpreta restritivamente o Tratado de Lausanne de 1923, que se refere especificamente a &#8220;minorias n\u00e3o mu\u00e7ulmanas&#8221;, e, portanto, concede o estatuto legal de minoria apenas a tr\u00eas grupos reconhecidos: crist\u00e3os apost\u00f3licos arm\u00eanios, crist\u00e3os ortodoxos gregos e judeus.<\/p>\n","protected":false},"excerpt":{"rendered":"Dia intenso para Le\u00e3o XIV em seu primeiro dia em terras turcas, marcado por encontros oficiais com autoridades.&hellip;\n","protected":false},"author":2,"featured_media":167582,"comment_status":"","ping_status":"","sticky":false,"template":"","format":"standard","meta":{"footnotes":""},"categories":[50],"tags":[27,28,15,16,14,25,26,21,22,62,12,13,19,20,811,23,24,17,18,2428,29,30,31,24827,63,64,65],"class_list":{"0":"post-167581","1":"post","2":"type-post","3":"status-publish","4":"format-standard","5":"has-post-thumbnail","7":"category-mundo","8":"tag-breaking-news","9":"tag-breakingnews","10":"tag-featured-news","11":"tag-featurednews","12":"tag-headlines","13":"tag-latest-news","14":"tag-latestnews","15":"tag-main-news","16":"tag-mainnews","17":"tag-mundo","18":"tag-news","19":"tag-noticias","20":"tag-noticias-principais","21":"tag-noticiasprincipais","22":"tag-papa-leao-xiv","23":"tag-principais-noticias","24":"tag-principaisnoticias","25":"tag-top-stories","26":"tag-topstories","27":"tag-turquia","28":"tag-ultimas","29":"tag-ultimas-noticias","30":"tag-ultimasnoticias","31":"tag-viagem-apostolica","32":"tag-world","33":"tag-world-news","34":"tag-worldnews"},"share_on_mastodon":{"url":"https:\/\/pubeurope.com\/@pt\/115624044773421998","error":""},"_links":{"self":[{"href":"https:\/\/www.europesays.com\/pt\/wp-json\/wp\/v2\/posts\/167581","targetHints":{"allow":["GET"]}}],"collection":[{"href":"https:\/\/www.europesays.com\/pt\/wp-json\/wp\/v2\/posts"}],"about":[{"href":"https:\/\/www.europesays.com\/pt\/wp-json\/wp\/v2\/types\/post"}],"author":[{"embeddable":true,"href":"https:\/\/www.europesays.com\/pt\/wp-json\/wp\/v2\/users\/2"}],"replies":[{"embeddable":true,"href":"https:\/\/www.europesays.com\/pt\/wp-json\/wp\/v2\/comments?post=167581"}],"version-history":[{"count":0,"href":"https:\/\/www.europesays.com\/pt\/wp-json\/wp\/v2\/posts\/167581\/revisions"}],"wp:featuredmedia":[{"embeddable":true,"href":"https:\/\/www.europesays.com\/pt\/wp-json\/wp\/v2\/media\/167582"}],"wp:attachment":[{"href":"https:\/\/www.europesays.com\/pt\/wp-json\/wp\/v2\/media?parent=167581"}],"wp:term":[{"taxonomy":"category","embeddable":true,"href":"https:\/\/www.europesays.com\/pt\/wp-json\/wp\/v2\/categories?post=167581"},{"taxonomy":"post_tag","embeddable":true,"href":"https:\/\/www.europesays.com\/pt\/wp-json\/wp\/v2\/tags?post=167581"}],"curies":[{"name":"wp","href":"https:\/\/api.w.org\/{rel}","templated":true}]}}