{"id":167594,"date":"2025-11-27T22:48:18","date_gmt":"2025-11-27T22:48:18","guid":{"rendered":"https:\/\/www.europesays.com\/pt\/167594\/"},"modified":"2025-11-27T22:48:18","modified_gmt":"2025-11-27T22:48:18","slug":"investigador-compra-livro-com-mais-de-300-anos-sobre-vila-verde-e-doa-o-ao-arquivo-de-braga","status":"publish","type":"post","link":"https:\/\/www.europesays.com\/pt\/167594\/","title":{"rendered":"Investigador compra livro com mais de 300 anos sobre Vila Verde e doa-o ao Arquivo de Braga"},"content":{"rendered":"<p>O investigador e bibli\u00f3filo Leonardo Rodrigues ofereceu ao Arquivo Distrital de Braga um livro com mais de 300 anos que foi adquirido pelo pr\u00f3prio num leil\u00e3o. <\/p>\n<p>&#13;<br \/>\n&#13;<br \/>\n&#13;<\/p>\n<p>Trata-se do Livro de Visita\u00e7\u00f5es da Par\u00f3quia de Santa Maria de M\u00f3s, em Vila Verde, e disponibiliza-o agora para que seja usado  por historiadores e investigadores. <\/p>\n<p>De acordo com Leonardo Rodrigues, este \u00e9 um \u201cdia feliz para a Cultura porque acaba de ser recuperado um documento \u00fanico e muito importante para o estudo hist\u00f3rico de Vila Verde e da Arquidiocese de Braga\u201d.<\/p>\n<p>O livro manuscrito inicia no ano de 1686 (s\u00e9culo XVII) e vai at\u00e9 meados do s\u00e9culo XIX.<\/p>\n<p>Na passada quarta-feira foi assinado o auto de doa\u00e7\u00e3o do livro ao Arquivo Distrital de Braga, depois de ter aparecido em setembro deste ano num leil\u00e3o em Lisboa.<\/p>\n","protected":false},"excerpt":{"rendered":"O investigador e bibli\u00f3filo Leonardo Rodrigues ofereceu ao Arquivo Distrital de Braga um livro com mais de 300&hellip;\n","protected":false},"author":2,"featured_media":167595,"comment_status":"","ping_status":"","sticky":false,"template":"","format":"standard","meta":{"footnotes":""},"categories":[10],"tags":[27,28,15,16,14,25,26,21,22,12,13,19,20,32,23,24,33,17,18,29,30,31],"class_list":{"0":"post-167594","1":"post","2":"type-post","3":"status-publish","4":"format-standard","5":"has-post-thumbnail","7":"category-portugal","8":"tag-breaking-news","9":"tag-breakingnews","10":"tag-featured-news","11":"tag-featurednews","12":"tag-headlines","13":"tag-latest-news","14":"tag-latestnews","15":"tag-main-news","16":"tag-mainnews","17":"tag-news","18":"tag-noticias","19":"tag-noticias-principais","20":"tag-noticiasprincipais","21":"tag-portugal","22":"tag-principais-noticias","23":"tag-principaisnoticias","24":"tag-pt","25":"tag-top-stories","26":"tag-topstories","27":"tag-ultimas","28":"tag-ultimas-noticias","29":"tag-ultimasnoticias"},"share_on_mastodon":{"url":"https:\/\/pubeurope.com\/@pt\/115624103365960551","error":""},"_links":{"self":[{"href":"https:\/\/www.europesays.com\/pt\/wp-json\/wp\/v2\/posts\/167594","targetHints":{"allow":["GET"]}}],"collection":[{"href":"https:\/\/www.europesays.com\/pt\/wp-json\/wp\/v2\/posts"}],"about":[{"href":"https:\/\/www.europesays.com\/pt\/wp-json\/wp\/v2\/types\/post"}],"author":[{"embeddable":true,"href":"https:\/\/www.europesays.com\/pt\/wp-json\/wp\/v2\/users\/2"}],"replies":[{"embeddable":true,"href":"https:\/\/www.europesays.com\/pt\/wp-json\/wp\/v2\/comments?post=167594"}],"version-history":[{"count":0,"href":"https:\/\/www.europesays.com\/pt\/wp-json\/wp\/v2\/posts\/167594\/revisions"}],"wp:featuredmedia":[{"embeddable":true,"href":"https:\/\/www.europesays.com\/pt\/wp-json\/wp\/v2\/media\/167595"}],"wp:attachment":[{"href":"https:\/\/www.europesays.com\/pt\/wp-json\/wp\/v2\/media?parent=167594"}],"wp:term":[{"taxonomy":"category","embeddable":true,"href":"https:\/\/www.europesays.com\/pt\/wp-json\/wp\/v2\/categories?post=167594"},{"taxonomy":"post_tag","embeddable":true,"href":"https:\/\/www.europesays.com\/pt\/wp-json\/wp\/v2\/tags?post=167594"}],"curies":[{"name":"wp","href":"https:\/\/api.w.org\/{rel}","templated":true}]}}