{"id":167598,"date":"2025-11-27T22:53:09","date_gmt":"2025-11-27T22:53:09","guid":{"rendered":"https:\/\/www.europesays.com\/pt\/167598\/"},"modified":"2025-11-27T22:53:09","modified_gmt":"2025-11-27T22:53:09","slug":"anda-a-procura-de-atencao-liliana-duramente-criticada-pelos-colegas-de-casa-secret-story","status":"publish","type":"post","link":"https:\/\/www.europesays.com\/pt\/167598\/","title":{"rendered":"Anda \u00e0 procura de aten\u00e7\u00e3o? Liliana duramente criticada pelos colegas de casa &#8211; Secret Story"},"content":{"rendered":"<p>No Secret Story 9, Liliana e Ana entraram em despique devido \u00e0 postura que as duas t\u00eam assumido dentro da casa. No Especial, as duas comentaram as imagens do despique. Veja tudo.\u00a0<\/p>\n<p><strong>Dylan, F\u00e1bio e In\u00eas, s\u00e3o os nomeados desta semana. Vote para salvar o seu preferido:<\/strong><\/p>\n<p>Vota\u00e7\u00e3o para salvar:<\/p>\n<p>DYLAN \u2013 761 20 20 07<br \/>F\u00c1BIO \u2013 761 20 20 08<br \/>IN\u00caS \u2013 761 20 20 10<\/p>\n<p><a href=\"https:\/\/tvi.iol.pt\/secretstory\/aominuto\" rel=\"nofollow noopener\" target=\"_blank\">Acompanhe aqui tudo o que se passa no Secret Story 9<\/a><\/p>\n","protected":false},"excerpt":{"rendered":"No Secret Story 9, Liliana e Ana entraram em despique devido \u00e0 postura que as duas t\u00eam assumido&hellip;\n","protected":false},"author":2,"featured_media":167599,"comment_status":"","ping_status":"","sticky":false,"template":"","format":"standard","meta":{"footnotes":""},"categories":[142],"tags":[19374,19373,114,115,19016,19375,32,33,151],"class_list":{"0":"post-167598","1":"post","2":"type-post","3":"status-publish","4":"format-standard","5":"has-post-thumbnail","7":"category-tv","8":"tag-confrontos-concorrentes","9":"tag-discussoes-secret-story","10":"tag-entertainment","11":"tag-entretenimento","12":"tag-liliana","13":"tag-polemicas","14":"tag-portugal","15":"tag-pt","16":"tag-tv"},"share_on_mastodon":{"url":"https:\/\/pubeurope.com\/@pt\/115624122996057120","error":""},"_links":{"self":[{"href":"https:\/\/www.europesays.com\/pt\/wp-json\/wp\/v2\/posts\/167598","targetHints":{"allow":["GET"]}}],"collection":[{"href":"https:\/\/www.europesays.com\/pt\/wp-json\/wp\/v2\/posts"}],"about":[{"href":"https:\/\/www.europesays.com\/pt\/wp-json\/wp\/v2\/types\/post"}],"author":[{"embeddable":true,"href":"https:\/\/www.europesays.com\/pt\/wp-json\/wp\/v2\/users\/2"}],"replies":[{"embeddable":true,"href":"https:\/\/www.europesays.com\/pt\/wp-json\/wp\/v2\/comments?post=167598"}],"version-history":[{"count":0,"href":"https:\/\/www.europesays.com\/pt\/wp-json\/wp\/v2\/posts\/167598\/revisions"}],"wp:featuredmedia":[{"embeddable":true,"href":"https:\/\/www.europesays.com\/pt\/wp-json\/wp\/v2\/media\/167599"}],"wp:attachment":[{"href":"https:\/\/www.europesays.com\/pt\/wp-json\/wp\/v2\/media?parent=167598"}],"wp:term":[{"taxonomy":"category","embeddable":true,"href":"https:\/\/www.europesays.com\/pt\/wp-json\/wp\/v2\/categories?post=167598"},{"taxonomy":"post_tag","embeddable":true,"href":"https:\/\/www.europesays.com\/pt\/wp-json\/wp\/v2\/tags?post=167598"}],"curies":[{"name":"wp","href":"https:\/\/api.w.org\/{rel}","templated":true}]}}