{"id":16763,"date":"2025-08-05T08:46:10","date_gmt":"2025-08-05T08:46:10","guid":{"rendered":"https:\/\/www.europesays.com\/pt\/16763\/"},"modified":"2025-08-05T08:46:10","modified_gmt":"2025-08-05T08:46:10","slug":"presidente-da-anepc-garante-meios-suficientes-para-combate-a-incendios","status":"publish","type":"post","link":"https:\/\/www.europesays.com\/pt\/16763\/","title":{"rendered":"Presidente da ANEPC garante meios suficientes para combate a inc\u00eandios"},"content":{"rendered":"<p>                    Na RTP3, questionado sobre os meios dispon\u00edveis, Jos\u00e9 Manuel Moura explicou que esta \u00e9 \u201cuma velha quest\u00e3o\u201d e sustentou que <b>n\u00e3o h\u00e1 falta de meios mas que muitas vezes n\u00e3o est\u00e3o vis\u00edveis<\/b> e que a resposta em todo o territ\u00f3rio de Portugal est\u00e1 a acontecer.<\/p>\n<p>\u201c<b>N\u00e3o estamos numa situa\u00e7\u00e3o limite porque o dispositivo ao longo do dia de hoje, por exemplo, tivemos 94 inc\u00eandios<\/b> e felizmente s\u00f3 este [inc\u00eandio de Vila Real] \u00e9 que constitui not\u00edcia. Portanto, os 93 por cento que temos tido de efic\u00e1cia no ataque inicial est\u00e1 a\u00ed demonstrado\u201d, explicou Jos\u00e9 Manuel Moura.<br \/>&#13;\n<\/p>\n<p>          <img decoding=\"async\" itemprop=\"image\" class=\"img-fluid\"   src=\"https:\/\/www.europesays.com\/pt\/wp-content\/uploads\/2025\/08\/b388508c08e99499f5cb192cfc74c587_N.jpg\"\/><\/p>\n<p>\nO presidente da ANEPC afirmou tamb\u00e9m que todas as vertentes control\u00e1veis est\u00e3o a ser controladas. <b>Sobre o Parque Peneda-Ger\u00eas, que teve um inc\u00eandio a lavrar durante uma semana, Jos\u00e9 Manuel Moura acredita que nada falhou<\/b> mas que acredita numa avalia\u00e7\u00e3o posterior ao que aconteceu.<\/p>\n<p>\u201cSe lhe disser que tivemos bombeiros a fazer rapel e descer determinados precip\u00edcios para conseguir fazer frente a algumas frentes de fogo e poder dominar alguns focos que subsistiam em manter-se ativos&#8230; foi um trabalho herc\u00faleo\u201d.<\/p>\n<p>Sobre o mecanismo europeu, Jos\u00e9 Manuel Moura acredita que muita gente n\u00e3o percebe como funciona, mas que quando o pa\u00eds \u00e9 assolado por cat\u00e1strofes pedem ajuda a Bruxelas e existem outros pa\u00edses que d\u00e3o ajuda. <\/p>\n<p>Dados os exemplos de Espanha e It\u00e1lia, que passam por momentos conturbados tamb\u00e9m por culpa dos inc\u00eandios, o <b>presidente da Prote\u00e7\u00e3o Civil acredita que n\u00e3o h\u00e1 justifica\u00e7\u00e3o para ativar o mecanismo<\/b> e que o dispositivo portugu\u00eas tem conseguido dar resposta e n\u00e3o est\u00e1 esgotado.<\/p>\n<p>\u201cNesta situa\u00e7\u00e3o de alerta, no dia de hoje, est\u00e1 a conseguir chegar aos seus objetivos. Desde logo, a redu\u00e7\u00e3o do n\u00famero de igni\u00e7\u00f5es. Tentamos esmagar este n\u00famero porque com menos igni\u00e7\u00f5es h\u00e1 mais dispositivo que sobrar\u00e1 para poder fazer face a mais ocorr\u00eancias\u201d.<\/p>\n<p>Sobre o inc\u00eandio que lavra em Vila Real e que chegou a Mondim de Basto, Jos\u00e9 Manuel Moura admite que se trata de uma situa\u00e7\u00e3o limite e que s\u00f3 os operacionais no terreno podem avaliar a situa\u00e7\u00e3o: \u201cUm teatro de opera\u00e7\u00f5es desta grandeza tem potencial para que coisas corram menos bem e isso \u00e9 uma constata\u00e7\u00e3o\u201d.<\/p>\n<p>Questionado sobre os pr\u00f3ximos dias, especialmente devido \u00e0s altas temperaturas, Jos\u00e9 Manuel Moura garantiu um dispositivo preparado e pr\u00e9-posicionado por todo o territ\u00f3rio nacional, para [os meios] estarem mais perto de poss\u00edveis problemas.<\/p>\n<p>O presidente da ANEPC falou tamb\u00e9m das igni\u00e7\u00f5es noturnas que est\u00e3o a ocorrer durante a noite e <b>acredita que podem ter m\u00e3o criminosa e explicou que h\u00e1 grande preocupa\u00e7\u00e3o para os pr\u00f3ximos dias<\/b> pela \u201ccondi\u00e7\u00f5es severas\u201d que se v\u00e3o viver.<\/p>\n<p>A finalizar, Jos\u00e9 Manuel Moura foi <b>questionado pelo n\u00famero de operacionais e revelou um n\u00famero superior a 18 mil pessoas<\/b>, 80 por cento que fazem parte de corpos de bombeiros.&#13;<\/p>\n","protected":false},"excerpt":{"rendered":"Na RTP3, questionado sobre os meios dispon\u00edveis, Jos\u00e9 Manuel Moura explicou que esta \u00e9 \u201cuma velha quest\u00e3o\u201d e&hellip;\n","protected":false},"author":2,"featured_media":16764,"comment_status":"","ping_status":"","sticky":false,"template":"","format":"standard","meta":{"footnotes":""},"categories":[10],"tags":[27,28,15,16,14,25,26,21,22,12,13,19,20,32,23,24,33,420,421,17,18,29,30,31],"class_list":{"0":"post-16763","1":"post","2":"type-post","3":"status-publish","4":"format-standard","5":"has-post-thumbnail","7":"category-portugal","8":"tag-breaking-news","9":"tag-breakingnews","10":"tag-featured-news","11":"tag-featurednews","12":"tag-headlines","13":"tag-latest-news","14":"tag-latestnews","15":"tag-main-news","16":"tag-mainnews","17":"tag-news","18":"tag-noticias","19":"tag-noticias-principais","20":"tag-noticiasprincipais","21":"tag-portugal","22":"tag-principais-noticias","23":"tag-principaisnoticias","24":"tag-pt","25":"tag-rtp","26":"tag-rtp-noticias","27":"tag-top-stories","28":"tag-topstories","29":"tag-ultimas","30":"tag-ultimas-noticias","31":"tag-ultimasnoticias"},"share_on_mastodon":{"url":"","error":""},"_links":{"self":[{"href":"https:\/\/www.europesays.com\/pt\/wp-json\/wp\/v2\/posts\/16763","targetHints":{"allow":["GET"]}}],"collection":[{"href":"https:\/\/www.europesays.com\/pt\/wp-json\/wp\/v2\/posts"}],"about":[{"href":"https:\/\/www.europesays.com\/pt\/wp-json\/wp\/v2\/types\/post"}],"author":[{"embeddable":true,"href":"https:\/\/www.europesays.com\/pt\/wp-json\/wp\/v2\/users\/2"}],"replies":[{"embeddable":true,"href":"https:\/\/www.europesays.com\/pt\/wp-json\/wp\/v2\/comments?post=16763"}],"version-history":[{"count":0,"href":"https:\/\/www.europesays.com\/pt\/wp-json\/wp\/v2\/posts\/16763\/revisions"}],"wp:featuredmedia":[{"embeddable":true,"href":"https:\/\/www.europesays.com\/pt\/wp-json\/wp\/v2\/media\/16764"}],"wp:attachment":[{"href":"https:\/\/www.europesays.com\/pt\/wp-json\/wp\/v2\/media?parent=16763"}],"wp:term":[{"taxonomy":"category","embeddable":true,"href":"https:\/\/www.europesays.com\/pt\/wp-json\/wp\/v2\/categories?post=16763"},{"taxonomy":"post_tag","embeddable":true,"href":"https:\/\/www.europesays.com\/pt\/wp-json\/wp\/v2\/tags?post=16763"}],"curies":[{"name":"wp","href":"https:\/\/api.w.org\/{rel}","templated":true}]}}