{"id":167637,"date":"2025-11-27T23:34:15","date_gmt":"2025-11-27T23:34:15","guid":{"rendered":"https:\/\/www.europesays.com\/pt\/167637\/"},"modified":"2025-11-27T23:34:15","modified_gmt":"2025-11-27T23:34:15","slug":"biblioteca-particular-com-mais-de-12-mil-livros-doada-a-uminho","status":"publish","type":"post","link":"https:\/\/www.europesays.com\/pt\/167637\/","title":{"rendered":"Biblioteca particular com mais de 12 mil livros doada \u00e0 UMinho"},"content":{"rendered":"<p>A biblioteca particular do Pr\u00e9mio Cam\u00f5es 2020, V\u00edtor Aguiar e Silva, com mais de 12 mil volumes, vai ser doada na sexta-feira \u00e0 Universidade do Minho (UMinho), foi hoje anunciado.<\/p>\n<p>&#13;<br \/>\n&#13;<br \/>\n&#13;<\/p>\n<p>Em comunicado, a UMinho refere que aquele fundo representa um conjunto de \u201celevad\u00edssimo\u201d valor cient\u00edfico, hist\u00f3rico e cultural, de particular interesse para estudiosos e investigadores na \u00e1rea das Ci\u00eancias Humanas em geral, e da Literatura e Teoria Liter\u00e1ria em particular.<\/p>\n<p>O fundo ir\u00e1 constituir-se como um n\u00facleo individualizado na Biblioteca Geral da UMinho.<\/p>\n<p>Esta universidade disp\u00f5e, na Escola de Letras, Artes e Ci\u00eancias Humanas (ELACH), de uma biblioteca especializada que abrange as mais diversas \u00e1reas das Humanidades e que, desde 2018, foi batizada de \u201cBiblioteca V\u00edtor Aguiar e Silva\u201d.<\/p>\n<p>Trata-se uma homenagem ao antigo presidente daquela escola e fundador do Centro de Estudos de Portugueses e do Centro de Estudos Human\u00edsticos da UMinho.<\/p>\n<p>\u201cProfessor em\u00e9rito e catedr\u00e1tico aposentado da ELACH, V\u00edtor Aguiar e Silva, falecido em 2022, foi um nome maior da universidade portuguesa e deixou a sua a\u00e7\u00e3o inscrita de forma indel\u00e9vel na hist\u00f3ria da UMinho, onde desempenhou as fun\u00e7\u00f5es de vice-reitor de junho de 1990 a julho de 2002, quando se aposentou\u201d, refere o comunicado.<\/p>\n<p>Acrescenta que a sua obra cient\u00edfica \u201cmarcou decisivamente\u201d os campos dos estudos liter\u00e1rios e da teoria da literatura, do ensino da l\u00edngua portuguesa e das pol\u00edticas de l\u00edngua.<\/p>\n<p>\u201cEra um dos mais reconhecidos especialistas na obra de Lu\u00eds de Cam\u00f5es, a n\u00edvel mundial\u201d, diz ainda o comunicado.<\/p>\n<p>V\u00edtor Aguiar e Silva foi laureado com o Pr\u00e9mio Verg\u00edlio Ferreira (2002) Pr\u00e9mio Vida Liter\u00e1ria (2007), Pr\u00e9mio Vasco Gra\u00e7a Moura (2018 e 2020) e com o Pr\u00e9mio Cam\u00f5es (2020).<\/p>\n<p>Foi agraciado pelo Presidente da Rep\u00fablica com a Gr\u00e3-Cruz da Ordem da Instru\u00e7\u00e3o P\u00fablica, em 2004, e condecorado, a t\u00edtulo p\u00f3stumo, com a Gr\u00e3-Cruz da Ordem de Cam\u00f5es, em 2024.<\/p>\n","protected":false},"excerpt":{"rendered":"A biblioteca particular do Pr\u00e9mio Cam\u00f5es 2020, V\u00edtor Aguiar e Silva, com mais de 12 mil volumes, vai&hellip;\n","protected":false},"author":2,"featured_media":167638,"comment_status":"","ping_status":"","sticky":false,"template":"","format":"standard","meta":{"footnotes":""},"categories":[10],"tags":[27,28,15,16,14,25,26,21,22,12,13,19,20,32,23,24,33,17,18,29,30,31],"class_list":{"0":"post-167637","1":"post","2":"type-post","3":"status-publish","4":"format-standard","5":"has-post-thumbnail","7":"category-portugal","8":"tag-breaking-news","9":"tag-breakingnews","10":"tag-featured-news","11":"tag-featurednews","12":"tag-headlines","13":"tag-latest-news","14":"tag-latestnews","15":"tag-main-news","16":"tag-mainnews","17":"tag-news","18":"tag-noticias","19":"tag-noticias-principais","20":"tag-noticiasprincipais","21":"tag-portugal","22":"tag-principais-noticias","23":"tag-principaisnoticias","24":"tag-pt","25":"tag-top-stories","26":"tag-topstories","27":"tag-ultimas","28":"tag-ultimas-noticias","29":"tag-ultimasnoticias"},"share_on_mastodon":{"url":"https:\/\/pubeurope.com\/@pt\/115624284610309034","error":""},"_links":{"self":[{"href":"https:\/\/www.europesays.com\/pt\/wp-json\/wp\/v2\/posts\/167637","targetHints":{"allow":["GET"]}}],"collection":[{"href":"https:\/\/www.europesays.com\/pt\/wp-json\/wp\/v2\/posts"}],"about":[{"href":"https:\/\/www.europesays.com\/pt\/wp-json\/wp\/v2\/types\/post"}],"author":[{"embeddable":true,"href":"https:\/\/www.europesays.com\/pt\/wp-json\/wp\/v2\/users\/2"}],"replies":[{"embeddable":true,"href":"https:\/\/www.europesays.com\/pt\/wp-json\/wp\/v2\/comments?post=167637"}],"version-history":[{"count":0,"href":"https:\/\/www.europesays.com\/pt\/wp-json\/wp\/v2\/posts\/167637\/revisions"}],"wp:featuredmedia":[{"embeddable":true,"href":"https:\/\/www.europesays.com\/pt\/wp-json\/wp\/v2\/media\/167638"}],"wp:attachment":[{"href":"https:\/\/www.europesays.com\/pt\/wp-json\/wp\/v2\/media?parent=167637"}],"wp:term":[{"taxonomy":"category","embeddable":true,"href":"https:\/\/www.europesays.com\/pt\/wp-json\/wp\/v2\/categories?post=167637"},{"taxonomy":"post_tag","embeddable":true,"href":"https:\/\/www.europesays.com\/pt\/wp-json\/wp\/v2\/tags?post=167637"}],"curies":[{"name":"wp","href":"https:\/\/api.w.org\/{rel}","templated":true}]}}