{"id":167639,"date":"2025-11-27T23:35:24","date_gmt":"2025-11-27T23:35:24","guid":{"rendered":"https:\/\/www.europesays.com\/pt\/167639\/"},"modified":"2025-11-27T23:35:24","modified_gmt":"2025-11-27T23:35:24","slug":"fc-porto-vence-nice-por-3-0-e-regressa-aos-triunfos-na-liga-europa","status":"publish","type":"post","link":"https:\/\/www.europesays.com\/pt\/167639\/","title":{"rendered":"FC Porto vence Nice por 3-0 e regressa aos triunfos na Liga Europa"},"content":{"rendered":"<p>O <a href=\"https:\/\/sapo.pt\/artigo\/braga-da-1-ponto-ao-rangers-na-liga-europa-mas-mantem-se-em-posicao-de-apuramento-direto-aos-oitavos-6928c9f29d77fc389df6d7e8tag\/fc-porto\" target=\"_blank\" rel=\"noreferrer noopener nofollow\">FC Porto<\/a> regressou aos triunfos na <a href=\"https:\/\/sportinforma.sapo.pt\/futebol\/competicao\/liga-europa-7\/noticias\" target=\"_blank\" rel=\"noreferrer noopener nofollow\">Liga Europa<\/a>, depois de vencer o <a href=\"https:\/\/sportinforma.sapo.pt\/tag\/nice\" target=\"_blank\" rel=\"noreferrer noopener nofollow\">Nice<\/a> por 3-0, na quinta jornada. Os drag\u00f5es venceram sem contesta\u00e7\u00e3o, na sequ\u00eancia de uma exibi\u00e7\u00e3o segura e controlada pela forma\u00e7\u00e3o liderada por Francesco Farioli. Gabri Veiga foi o jogador que mais se destacou com um bis assinalado e um jogo bem conseguido por parte do espanhol. Samu selou o resultado na 2.\u00aa parte, depois de ter convertido uma grande penalidade.<\/p>\n<p>Os azuis e brancos controlaram o jogo desde o primeiro minuto, principalmente depois de o primeiro golo de Gabri Veiga ter sido marcado aos 19 segundos. O dom\u00ednio foi absoluto, mas sem que o FC Porto tivesse sido especialmente intenso a n\u00edvel ofensivo. Isto porque n\u00e3o teve dificuldades em fechar espa\u00e7os ao Nice, que se mostrou sempre incapaz de amea\u00e7ar com perigo a baliza de Diogo Costa.<\/p>\n<p><a href=\"https:\/\/sportinforma.sapo.pt\/\" target=\"_blank\" rel=\"noreferrer noopener nofollow\">&#8211; Tudo sobre o desporto nacional e internacional em<b id=\"s-b-embed-6928\" data-stringify-type=\"bold\">\u00a0<\/b><b>sportinforma.sapo.pt &#8211;<\/b><\/a><\/p>\n<p>Com este resultado, o FC Porto deixou para tr\u00e1s a derrota em Nottingham e o empate frente ao Utrecht e somou mais tr\u00eas pontos importantes para as contas na Europa. Agora, os drag\u00f5es contam com dez pontos somados. Em contrapartida, o Nice continua sem pontuar e a refor\u00e7a a crise de resultados com a quinta derrota consecutiva.<\/p>\n<p><a href=\"https:\/\/sportinforma.sapo.pt\/futebol\/mundial-sub-17\/fotos\/liga-europa-2025-26-fc-porto-nice\" target=\"_blank\" rel=\"noreferrer noopener nofollow\">As melhores fotos do FC Porto-Nice<\/a><br \/>\nGolo madrugador e seguran\u00e7a ao intervalo<\/p>\n<p>O apito inicial tinha acabado de ser dado e o Est\u00e1dio do Drag\u00e3o j\u00e1 gritava golo. Ainda sem que o Nice tivesse tocado na bola, o FC Porto chegou ao golo aos 19 segundos. Pep\u00ea pegou na bola, avan\u00e7ou no terreno e passou atrasado para Gabri Veiga rematar forte para o fundo das redes.<\/p>\n<p>Depois do golo, o jogo arrefeceu sem que as duas equipas tenham sido especialmente perigosas. Destaque para um lance do Nice, aos 20 minutos, ap\u00f3s Moffi ter-se isolado frente a Diogo Costa. O avan\u00e7ado deixou Pablo Rosario para tr\u00e1s e tentou o chap\u00e9u, mas foi para fora.<\/p>\n<p>Nota para o momento em que o Est\u00e1dio do Drag\u00e3o se levantou para aplaudir a conquista do Mundial sub-17 por Portugal.<\/p>\n<p>FC Porto foi controlando o jogo sem permitir que o Nice chegasse com perigo \u00e0 \u00e1rea azul e branca. Por\u00e9m, os drag\u00f5es mantiveram o encontro morno e sem grande hist\u00f3ria at\u00e9 voltarem a mexer no resultado. Aos 33 minutos, Gabri Veiga voltou a marcar, bisando com mais um belo golo. Victor Froholdt recebeu a bola de Alberto Costa e trabalhou bem no lado direito. Depois de um bom lance individual, o dinamarqu\u00eas passou para Gabri Veiga que rematou de p\u00e9 esquerdo para o 2-0.<\/p>\n<p>Minutos depois, o Nice tentou reagir e podia ter reduzido, se Diop n\u00e3o tivesse rematado por cima da baliza de Diogo Costa. Pouco antes do apito para o intervalo, Samu recebeu a bola no centro da \u00e1rea, rodou e rematou em dire\u00e7\u00e3o \u00e0 baliza, mas um desvio do advers\u00e1rio deu origem a um canto.<\/p>\n<p>O resultado n\u00e3o se alterou at\u00e9 ao apito para o intervalo. O FC Porto tinha motivos para sorrir com o resultado e uma exibi\u00e7\u00e3o segura, ainda que com muito dem\u00e9rito para o Nice que deu continuidade ao mau momento de forma durante o jogo desta quinta-feira.<\/p>\n<p>Tranquilidade e seguran\u00e7a com mais um golo<\/p>\n<p>Francesco Farioli promoveu a entrada de Jan Bednarek para o lugar de Alan Varela, que chegou a ser assistido durante largos minutos no 1.\u00ba tempo e poder\u00e1 ter sa\u00eddo com algumas queixas f\u00edsicas.<\/p>\n<p>Aos 53 minutos, Samu esteve perto de marcar, depois de um atraso de Dante para um mau dom\u00ednio do guarda-redes. O avan\u00e7ado tentou surpreender, mas Diouf emendou e enviou a bola para canto. O espanhol foi intensificando as suas a\u00e7\u00f5es e passou a dar mais dores de cabe\u00e7a a Dante que, apesar da experi\u00eancia, n\u00e3o teve pernas para travar Samu. O mesmo comprovou-se aos 58 minutos, depois de Gabri Veiga ter lan\u00e7ado Samu nas costas do central, que n\u00e3o conseguiu cortar e fez falta sobre o espanhol.<\/p>\n<p>Depois de ter sido avisado pelo VAR, o \u00e1rbitro apontou para a marca dos onze metros. Samu pegou na bola e converteu com sucesso para o 3-0. Ap\u00f3s o golo portista, os adeptos do Nice demonstraram o seu descontentamento com a crise de resultados do clube ao sair do Est\u00e1dio do Drag\u00e3o.<\/p>\n<p>Aos 68&#8242;, Deniz Gul saiu para a entrada de Borja Sainz. O Nice tamb\u00e9m mexeu com as entradas de Isak Jansson, Kevin Carlos e Hichem Boudaoui para as sa\u00eddas de Mohamed-Ali Cho, Sofiane Diop e Terem Moffi, respetivamente.<\/p>\n<p>As mudan\u00e7as na equipa francesa come\u00e7aram a surtir efeito com dois lances de perigo aos 70&#8242; e 71&#8242;. O rec\u00e9m-entrado Jansson avan\u00e7ou no lado direito em contra-ataque e serviu Kevin Carlos, que rematou em frente \u00e0 baliza por cima da barra. No minuto seguinte, Klauss tamb\u00e9m avan\u00e7ou no terreno at\u00e9 voltar a rematar, perante alguma passividade portista.<\/p>\n<p>Farioli respondeu com a sa\u00edda de Samu para dar lugar a Luuk de Jong, bem como de Froholdt para a entrada de Rodrigo Mora. Minutos depois, o Nice tirou Jonathan Clauss e Dante para as entradas de Tiago Gouveia e Kojo Peprah Oppong. \u00c9 de notar que o jogador portugu\u00eas (ex-Benfica) foi assobiado no Drag\u00e3o).<\/p>\n<p>No sentido oposto, Gabri Veiga foi ovacionado quando foi substitu\u00eddo por Eust\u00e1quio.<\/p>\n<p>Desde os 75 minutos que o jogo se desenrolou a um ritmo muito lento e sem que as duas equipas procurassem impor intensidade. Enquanto que o Nice pareceu estar \u00e0 espera de que o \u00e1rbitro apitasse para o fim do jogo, o FC Porto s\u00f3 procurou gerir o resultado e apenas circular a bola entre os setores.<\/p>\n<p>Em rela\u00e7\u00e3o a esta partida, \u00e9 de destacar a noite de n\u00fameros redondos para o plantel azul e branco. Diogo Costa completou 100 pelos FC Porto no Est\u00e1dio do Drag\u00e3o, enquanto Eust\u00e1quio realizou o 150.\u00ba pelos drag\u00f5es. Tamb\u00e9m Rodrigo Mora assinalou o jogo 50, tornando-se o mais jovem de sempre a atingi-lo.<\/p>\n","protected":false},"excerpt":{"rendered":"O FC Porto regressou aos triunfos na Liga Europa, depois de vencer o Nice por 3-0, na quinta&hellip;\n","protected":false},"author":2,"featured_media":167640,"comment_status":"","ping_status":"","sticky":false,"template":"","format":"standard","meta":{"footnotes":""},"categories":[8],"tags":[27,28,15,16,14,25,26,21,22,12,13,19,20,32,23,24,33,17,18,29,30,31],"class_list":{"0":"post-167639","1":"post","2":"type-post","3":"status-publish","4":"format-standard","5":"has-post-thumbnail","7":"category-principais-noticias","8":"tag-breaking-news","9":"tag-breakingnews","10":"tag-featured-news","11":"tag-featurednews","12":"tag-headlines","13":"tag-latest-news","14":"tag-latestnews","15":"tag-main-news","16":"tag-mainnews","17":"tag-news","18":"tag-noticias","19":"tag-noticias-principais","20":"tag-noticiasprincipais","21":"tag-portugal","22":"tag-principais-noticias","23":"tag-principaisnoticias","24":"tag-pt","25":"tag-top-stories","26":"tag-topstories","27":"tag-ultimas","28":"tag-ultimas-noticias","29":"tag-ultimasnoticias"},"share_on_mastodon":{"url":"https:\/\/pubeurope.com\/@pt\/115624288886511702","error":""},"_links":{"self":[{"href":"https:\/\/www.europesays.com\/pt\/wp-json\/wp\/v2\/posts\/167639","targetHints":{"allow":["GET"]}}],"collection":[{"href":"https:\/\/www.europesays.com\/pt\/wp-json\/wp\/v2\/posts"}],"about":[{"href":"https:\/\/www.europesays.com\/pt\/wp-json\/wp\/v2\/types\/post"}],"author":[{"embeddable":true,"href":"https:\/\/www.europesays.com\/pt\/wp-json\/wp\/v2\/users\/2"}],"replies":[{"embeddable":true,"href":"https:\/\/www.europesays.com\/pt\/wp-json\/wp\/v2\/comments?post=167639"}],"version-history":[{"count":0,"href":"https:\/\/www.europesays.com\/pt\/wp-json\/wp\/v2\/posts\/167639\/revisions"}],"wp:featuredmedia":[{"embeddable":true,"href":"https:\/\/www.europesays.com\/pt\/wp-json\/wp\/v2\/media\/167640"}],"wp:attachment":[{"href":"https:\/\/www.europesays.com\/pt\/wp-json\/wp\/v2\/media?parent=167639"}],"wp:term":[{"taxonomy":"category","embeddable":true,"href":"https:\/\/www.europesays.com\/pt\/wp-json\/wp\/v2\/categories?post=167639"},{"taxonomy":"post_tag","embeddable":true,"href":"https:\/\/www.europesays.com\/pt\/wp-json\/wp\/v2\/tags?post=167639"}],"curies":[{"name":"wp","href":"https:\/\/api.w.org\/{rel}","templated":true}]}}