{"id":167714,"date":"2025-11-28T00:57:13","date_gmt":"2025-11-28T00:57:13","guid":{"rendered":"https:\/\/www.europesays.com\/pt\/167714\/"},"modified":"2025-11-28T00:57:13","modified_gmt":"2025-11-28T00:57:13","slug":"turnstile-ao-vivo-no-lav-jubilosa-agressividade-observador","status":"publish","type":"post","link":"https:\/\/www.europesays.com\/pt\/167714\/","title":{"rendered":"Turnstile ao vivo no LAV: jubilosa agressividade \u2013 Observador"},"content":{"rendered":"<p>Para todos os efeitos, os Turnstile n\u00e3o estariam na posi\u00e7\u00e3o em que est\u00e3o hoje \u2014 como muito possivelmente a mais popular banda de punk hardcore da atualidade \u2014 se tivessem cedido \u00e0s press\u00f5es que Brendan Yates cantava na faixa-t\u00edtulo do EP de estreia, de 2011, Pressure to Succeed: \u201cReal hassle controlled my mind \/ I shot down my own dreams to avoid the pressure to succeed (\u201cGrandes preocupa\u00e7\u00f5es controlavam a minha mente \/ Eu destru\u00ed os meus pr\u00f3prios sonhos para evitar a press\u00e3o de ter sucesso\u201d). Felizmente, nem ele nem a restante turma de Baltimore cedeu: dessa press\u00e3o saiu o diamante que se apresentou esta quarta-feira \u00e0 noite no LAV \u2014 Lisboa ao Vivo.<\/p>\n<p>J\u00e1 <a href=\"https:\/\/observador.pt\/especiais\/para-eles-o-hardcore-punk-ja-nao-e-suficiente-os-turnstile-querem-o-mundo\/\" rel=\"nofollow noopener\" target=\"_blank\">explic\u00e1mos antes<\/a> porque \u00e9 que o quinteto passou de ser um nome buzzy do hardcore para ser uma for\u00e7a que esgota salas como esta \u2014 que teve de abrir o seu maior espa\u00e7o, normalmente reservado para conven\u00e7\u00f5es e eventos, para que coubesse toda a gente \u2014 e atrai p\u00fablicos que normalmente n\u00e3o ver\u00edamos em espet\u00e1culos desta \u00edndole. Na fila que ia at\u00e9 \u00e0 Avenida Marechal Gomes da Costa, apanh\u00e1mos desde garotada a cantar Sabrina Carpenter a espectadores mais maduros que fizeram uma viagem de Espinho de prop\u00f3sito para estar aqui, passando pelos habitu\u00e9s indefect\u00edveis do bon\u00e9 de banda e o corta-vento de marca que tanto estariam neste concerto como numa matin\u00e9 de grupos locais.\u00a0J\u00e1 t\u00ednhamos tido um cheirinho do seu esp\u00edrito ecum\u00e9nico quando <a href=\"https:\/\/observador.pt\/especiais\/vimos-o-turnstile-summer-mosh-inclemente-num-primavera-sound-que-tambem-soube-dancar\/\" rel=\"nofollow noopener\" target=\"_blank\">passaram este ano no Primavera Sound Porto<\/a>, mas aqui tivemos a derradeira confirma\u00e7\u00e3o.<\/p>\n<blockquote class=\"wp-embedded-content\" data-secret=\"p3uJHFZMEc\">\n<p><a href=\"https:\/\/observador.pt\/especiais\/para-eles-o-hardcore-punk-ja-nao-e-suficiente-os-turnstile-querem-o-mundo\/\" rel=\"nofollow noopener\" target=\"_blank\">Para eles, o hardcore punk j\u00e1 n\u00e3o \u00e9 suficiente. Os Turnstile querem o mundo<\/a><\/p>\n<\/blockquote>\n<p>Resumindo: os Turnstile deixaram a ortodoxia do seu hardcore da costa Este dos EUA para paulatinamente se aproximarem dos terrenos do rock alternativo, da dream-pop e at\u00e9 de alguma new wave \u2014 isto, mantendo sempre a musculatura do ADN punk. A revela\u00e7\u00e3o surgiu com Glow On, que os colocou nas bocas de toda a imprensa musical e n\u00e3o apenas de quem se alimenta habitualmente de m\u00fasica pesada, ao que se seguiu Never Enough, lan\u00e7ado em junho deste ano. Em retrospetiva, deixando a poeira assentar, \u00e9 um \u00e1lbum menos inspirado do que o seu antecessor, repisando essencialmente os mesmos territ\u00f3rios s\u00f3nicos, fora uma ou outra surpresa. Diga-se, ali\u00e1s, que nem sequer \u00e9 o melhor lan\u00e7amento de uma banda da cena Baltimore deste ano \u2014\u00a0fa\u00e7am o favor de ouvir <a href=\"https:\/\/flatspotrecords.bandcamp.com\/album\/fsr85-wrong-side-of-heaven\" rel=\"nofollow noopener\" target=\"_blank\">Wrong Side Of Heaven<\/a>, dos End It.<\/p>\n<p>No entanto, era exatamente o que o quinteto precisava, de um novo conjunto de can\u00e7\u00f5es na senda de Glow On que os consagrassem como a face mais acess\u00edvel e h\u00ednica do punk hardcore. Seria imprudente n\u00e3o referir a evid\u00eancia de que este seu sucesso foi auxiliado pelo facto da m\u00fasica pesada, em geral, estar a viver um comeback, principalmente junto de uma gera\u00e7\u00e3o mais nova. Mas o que os separa dos demais \u00e9 precisamente o que justifica o t\u00edtulo caricato desta pe\u00e7a.<\/p>\n","protected":false},"excerpt":{"rendered":"Para todos os efeitos, os Turnstile n\u00e3o estariam na posi\u00e7\u00e3o em que est\u00e3o hoje \u2014 como muito possivelmente&hellip;\n","protected":false},"author":2,"featured_media":167715,"comment_status":"","ping_status":"","sticky":false,"template":"","format":"standard","meta":{"footnotes":""},"categories":[85],"tags":[28109,315,114,115,339,32,33],"class_list":{"0":"post-167714","1":"post","2":"type-post","3":"status-publish","4":"format-standard","5":"has-post-thumbnail","7":"category-entretenimento","8":"tag-concertos","9":"tag-cultura","10":"tag-entertainment","11":"tag-entretenimento","12":"tag-mu00fasica","13":"tag-portugal","14":"tag-pt"},"share_on_mastodon":{"url":"https:\/\/pubeurope.com\/@pt\/115624610530008355","error":""},"_links":{"self":[{"href":"https:\/\/www.europesays.com\/pt\/wp-json\/wp\/v2\/posts\/167714","targetHints":{"allow":["GET"]}}],"collection":[{"href":"https:\/\/www.europesays.com\/pt\/wp-json\/wp\/v2\/posts"}],"about":[{"href":"https:\/\/www.europesays.com\/pt\/wp-json\/wp\/v2\/types\/post"}],"author":[{"embeddable":true,"href":"https:\/\/www.europesays.com\/pt\/wp-json\/wp\/v2\/users\/2"}],"replies":[{"embeddable":true,"href":"https:\/\/www.europesays.com\/pt\/wp-json\/wp\/v2\/comments?post=167714"}],"version-history":[{"count":0,"href":"https:\/\/www.europesays.com\/pt\/wp-json\/wp\/v2\/posts\/167714\/revisions"}],"wp:featuredmedia":[{"embeddable":true,"href":"https:\/\/www.europesays.com\/pt\/wp-json\/wp\/v2\/media\/167715"}],"wp:attachment":[{"href":"https:\/\/www.europesays.com\/pt\/wp-json\/wp\/v2\/media?parent=167714"}],"wp:term":[{"taxonomy":"category","embeddable":true,"href":"https:\/\/www.europesays.com\/pt\/wp-json\/wp\/v2\/categories?post=167714"},{"taxonomy":"post_tag","embeddable":true,"href":"https:\/\/www.europesays.com\/pt\/wp-json\/wp\/v2\/tags?post=167714"}],"curies":[{"name":"wp","href":"https:\/\/api.w.org\/{rel}","templated":true}]}}