{"id":167742,"date":"2025-11-28T01:27:08","date_gmt":"2025-11-28T01:27:08","guid":{"rendered":"https:\/\/www.europesays.com\/pt\/167742\/"},"modified":"2025-11-28T01:27:08","modified_gmt":"2025-11-28T01:27:08","slug":"entenda-a-disputa-de-katy-perry-na-justica-por-mansao-milionaria-nos-eua-r7-entretenimento","status":"publish","type":"post","link":"https:\/\/www.europesays.com\/pt\/167742\/","title":{"rendered":"Entenda a disputa de Katy Perry na Justi\u00e7a por mans\u00e3o milion\u00e1ria nos EUA \u2013 R7 Entretenimento"},"content":{"rendered":"<p>No olho do tigre! Katy Perry est\u00e1 uma disputa judicial milion\u00e1ria por causa de uma mans\u00e3o luxuosa nos Estados Unidos, comprada em 2020. O im\u00f3vel fica em Montecito, regi\u00e3o nobre da Calif\u00f3rnia, e foi adquirida pela cantora e o ex-marido, Orlando Bloom. Mas tudo virou um caso complexo, cheio de acusa\u00e7\u00f5es, recursos e acidentes de sa\u00fade.<\/p>\n<p>O dono da casa \u00e9 Carl Westcott, um empres\u00e1rio de 84 anos, veterano militar e fundador de uma rede de empresas bem-sucedidas. Na \u00e9poca, o ex-casal enviou uma carta ao propriet\u00e1rio implorando para que ele aceitasse a oferta e dizendo que a filha nasceria no m\u00eas seguinte e, por isso, precisavam do lugar para receber e criar a pequena Daisy.<\/p>\n<p>Poucos dias ap\u00f3s a venda, Carl tentou desistir da venda, que ia render R$ 80 milh\u00f5es, e alegou que n\u00e3o tinha capacidade mental para compreender o contrato, pois estava sob efeitos de medica\u00e7\u00e3o depois de uma cirurgia nas costas. Os advogados da cantora dizem que o propriet\u00e1rio assinou todos os documentos de forma consciente, com assessoria jur\u00eddica, e que tentou voltar atr\u00e1s depois de perceber que o valor da casa continuava subindo durante a pandemia.<\/p>\n<p>Com isso, a Justi\u00e7a americana decidiu a favor de Katy Perry. Ela recebeu as chaves da mans\u00e3o de luxo em dezembro de 2024, mas, mesmo assim, a disputa n\u00e3o terminou. A cantora entrou com um pedido formal para que Carl pague quase R$ 30 milh\u00f5es para arcar com reparos estruturais, danos e perda de renda de aluguel da propriedade \u2014 durante o per\u00edodo em que a disputa judicial impediu o uso e explora\u00e7\u00e3o da casa.<\/p>\n<p>Do outro lado, a fam\u00edlia do idoso tamb\u00e9m est\u00e1 processando a cantora sob o argumento de que \u00e9 ela quem deve pagar R$ 35 milh\u00f5es por danos morais e preju\u00edzos financeiros. Hoje, Carl est\u00e1 em um centro de cuidados paliativos e recebe assist\u00eancia m\u00e9dica 24 horas por dia.<\/p>\n<p><b>O PlayPlus agora \u00e9 RecordPlus: mais conte\u00fado da RECORD para voc\u00ea, ao vivo e de gra\u00e7a. Baixe o app <b><a href=\"https:\/\/descubra.recordplus.com\/\" rel=\"nofollow noopener\" target=\"_blank\">aqui!<\/a><\/b><\/b><\/p>\n","protected":false},"excerpt":{"rendered":"No olho do tigre! Katy Perry est\u00e1 uma disputa judicial milion\u00e1ria por causa de uma mans\u00e3o luxuosa nos&hellip;\n","protected":false},"author":2,"featured_media":167743,"comment_status":"","ping_status":"","sticky":false,"template":"","format":"standard","meta":{"footnotes":""},"categories":[141],"tags":[4552,114,115,568,149,150,32,33],"class_list":{"0":"post-167742","1":"post","2":"type-post","3":"status-publish","4":"format-standard","5":"has-post-thumbnail","7":"category-musica","8":"tag-a-hora-da-venenosa","9":"tag-entertainment","10":"tag-entretenimento","11":"tag-katy-perry","12":"tag-music","13":"tag-musica","14":"tag-portugal","15":"tag-pt"},"share_on_mastodon":{"url":"https:\/\/pubeurope.com\/@pt\/115624728514317632","error":""},"_links":{"self":[{"href":"https:\/\/www.europesays.com\/pt\/wp-json\/wp\/v2\/posts\/167742","targetHints":{"allow":["GET"]}}],"collection":[{"href":"https:\/\/www.europesays.com\/pt\/wp-json\/wp\/v2\/posts"}],"about":[{"href":"https:\/\/www.europesays.com\/pt\/wp-json\/wp\/v2\/types\/post"}],"author":[{"embeddable":true,"href":"https:\/\/www.europesays.com\/pt\/wp-json\/wp\/v2\/users\/2"}],"replies":[{"embeddable":true,"href":"https:\/\/www.europesays.com\/pt\/wp-json\/wp\/v2\/comments?post=167742"}],"version-history":[{"count":0,"href":"https:\/\/www.europesays.com\/pt\/wp-json\/wp\/v2\/posts\/167742\/revisions"}],"wp:featuredmedia":[{"embeddable":true,"href":"https:\/\/www.europesays.com\/pt\/wp-json\/wp\/v2\/media\/167743"}],"wp:attachment":[{"href":"https:\/\/www.europesays.com\/pt\/wp-json\/wp\/v2\/media?parent=167742"}],"wp:term":[{"taxonomy":"category","embeddable":true,"href":"https:\/\/www.europesays.com\/pt\/wp-json\/wp\/v2\/categories?post=167742"},{"taxonomy":"post_tag","embeddable":true,"href":"https:\/\/www.europesays.com\/pt\/wp-json\/wp\/v2\/tags?post=167742"}],"curies":[{"name":"wp","href":"https:\/\/api.w.org\/{rel}","templated":true}]}}