{"id":167762,"date":"2025-11-28T01:48:10","date_gmt":"2025-11-28T01:48:10","guid":{"rendered":"https:\/\/www.europesays.com\/pt\/167762\/"},"modified":"2025-11-28T01:48:10","modified_gmt":"2025-11-28T01:48:10","slug":"dados-do-ine-idade-da-reforma-sobe-para-os-66-anos-e-11-meses-em-2027","status":"publish","type":"post","link":"https:\/\/www.europesays.com\/pt\/167762\/","title":{"rendered":"Dados do INE. Idade da reforma sobe para os 66 anos e 11 meses em 2027"},"content":{"rendered":"<p>&#13;<br \/>\n\u00a0&#13;\n<\/p>\n<p>De acordo com a estimativa provis\u00f3ria da esperan\u00e7a m\u00e9dia de vida aos 65 anos para o tri\u00e9nio 2023-2025, divulgada hoje pelo Instituto Nacional de Estat\u00edstica (INE), este valor foi estimado em 20,19 anos, apresentando um aumento de 0,17 anos (2,04 meses) relativamente ao tri\u00e9nio 2022-2024.<\/p>\n<p><b>Com base nestes dados \u00e9 poss\u00edvel calcular que em 2027 a idade legal de acesso \u00e0 reforma ser\u00e1 de 66 anos e 11 meses.<\/b><\/p>\n<p>Este valor \u00e9 superior em dois meses ao de 2026, que tinha j\u00e1 subido dois meses em rela\u00e7\u00e3o a 2025.<\/p>\n<p>Em 2024, a idade de reforma ficou inalterada, nos 66 anos e quatro meses, face a 2023, ano em que se registou um recuo de tr\u00eas meses por compara\u00e7\u00e3o com a idade fixada para 2022, algo in\u00e9dito desde que a idade da reforma passou a estar associada \u00e0 esperan\u00e7a m\u00e9dia de vida.<\/p>\n<p>Tanto a redu\u00e7\u00e3o de 2023 como a manuten\u00e7\u00e3o da idade para 2024 est\u00e3o associadas ao recuo na esperan\u00e7a m\u00e9dia de vida devido \u00e0 mortalidade associada \u00e0 pandemia de covid-19 e a sua incid\u00eancia junto da popula\u00e7\u00e3o mais idosa.<\/p>\n<p>O valor provis\u00f3rio da esperan\u00e7a de vida aos 65 anos, apurado anualmente pelo INE, \u00e9 divulgado em novembro servindo de refer\u00eancia para efeitos de determina\u00e7\u00e3o da idade normal de acesso \u00e0 pens\u00e3o de velhice do regime geral de Seguran\u00e7a Social e do fator de sustentabilidade a aplicar ao montante estatut\u00e1rio das pens\u00f5es de velhice do regime geral de Seguran\u00e7a Social. &#13;\n<\/p>\n<p>&#13;<br \/>\n\u00a0&#13;<\/p>\n","protected":false},"excerpt":{"rendered":"&#13; \u00a0&#13; De acordo com a estimativa provis\u00f3ria da esperan\u00e7a m\u00e9dia de vida aos 65 anos para o&hellip;\n","protected":false},"author":2,"featured_media":167763,"comment_status":"","ping_status":"","sticky":false,"template":"","format":"standard","meta":{"footnotes":""},"categories":[50],"tags":[27,28,15,16,14,4860,25,26,21,22,62,12,13,19,20,23,24,11524,17,18,29,30,31,63,64,65],"class_list":{"0":"post-167762","1":"post","2":"type-post","3":"status-publish","4":"format-standard","5":"has-post-thumbnail","7":"category-mundo","8":"tag-breaking-news","9":"tag-breakingnews","10":"tag-featured-news","11":"tag-featurednews","12":"tag-headlines","13":"tag-ine","14":"tag-latest-news","15":"tag-latestnews","16":"tag-main-news","17":"tag-mainnews","18":"tag-mundo","19":"tag-news","20":"tag-noticias","21":"tag-noticias-principais","22":"tag-noticiasprincipais","23":"tag-principais-noticias","24":"tag-principaisnoticias","25":"tag-reforma","26":"tag-top-stories","27":"tag-topstories","28":"tag-ultimas","29":"tag-ultimas-noticias","30":"tag-ultimasnoticias","31":"tag-world","32":"tag-world-news","33":"tag-worldnews"},"share_on_mastodon":{"url":"https:\/\/pubeurope.com\/@pt\/115624811119868027","error":""},"_links":{"self":[{"href":"https:\/\/www.europesays.com\/pt\/wp-json\/wp\/v2\/posts\/167762","targetHints":{"allow":["GET"]}}],"collection":[{"href":"https:\/\/www.europesays.com\/pt\/wp-json\/wp\/v2\/posts"}],"about":[{"href":"https:\/\/www.europesays.com\/pt\/wp-json\/wp\/v2\/types\/post"}],"author":[{"embeddable":true,"href":"https:\/\/www.europesays.com\/pt\/wp-json\/wp\/v2\/users\/2"}],"replies":[{"embeddable":true,"href":"https:\/\/www.europesays.com\/pt\/wp-json\/wp\/v2\/comments?post=167762"}],"version-history":[{"count":0,"href":"https:\/\/www.europesays.com\/pt\/wp-json\/wp\/v2\/posts\/167762\/revisions"}],"wp:featuredmedia":[{"embeddable":true,"href":"https:\/\/www.europesays.com\/pt\/wp-json\/wp\/v2\/media\/167763"}],"wp:attachment":[{"href":"https:\/\/www.europesays.com\/pt\/wp-json\/wp\/v2\/media?parent=167762"}],"wp:term":[{"taxonomy":"category","embeddable":true,"href":"https:\/\/www.europesays.com\/pt\/wp-json\/wp\/v2\/categories?post=167762"},{"taxonomy":"post_tag","embeddable":true,"href":"https:\/\/www.europesays.com\/pt\/wp-json\/wp\/v2\/tags?post=167762"}],"curies":[{"name":"wp","href":"https:\/\/api.w.org\/{rel}","templated":true}]}}