{"id":167775,"date":"2025-11-28T02:02:14","date_gmt":"2025-11-28T02:02:14","guid":{"rendered":"https:\/\/www.europesays.com\/pt\/167775\/"},"modified":"2025-11-28T02:02:14","modified_gmt":"2025-11-28T02:02:14","slug":"putin-admite-terminar-conflito-se-ucrania-retirar-forcas-dos-territorios-que-moscovo-diz-ter-ocupado","status":"publish","type":"post","link":"https:\/\/www.europesays.com\/pt\/167775\/","title":{"rendered":"Putin admite terminar conflito se Ucr\u00e2nia retirar for\u00e7as dos territ\u00f3rios que Moscovo diz ter ocupado"},"content":{"rendered":"<p>O Presidente russo, Vladimir Putin, afirmou hoje que<strong> Moscovo cessar\u00e1 as hostilidades com a Ucr\u00e2nia<\/strong> caso Kiev retire as suas for\u00e7as dos territ\u00f3rios que a <a href=\"https:\/\/expresso.pt\/internacional\/guerra-na-ucrania\/2022-09-29-Russia-anexa-esta-sexta-feira-quatro-regioes-ocupadas-da-Ucrania-9a6e3cc4\" target=\"_blank\" rel=\"noopener noreferrer nofollow\">R\u00fassia alega ter anexado<\/a>.<\/p>\n<p><strong>&#8220;Se as tropas ucranianas abandonarem os territ\u00f3rios ocupados, cessaremos as hostilidades<\/strong><strong>. Se n\u00e3o sa\u00edrem, expuls\u00e1-las-emos pela for\u00e7a militar&#8221;<\/strong>, declarou numa confer\u00eancia de imprensa em Bishkek, capital do Quirguist\u00e3o, onde est\u00e1 a realizar uma visita de Estado.<\/p>\n<p>O l\u00edder russo n\u00e3o especificou se se referia apenas \u00e0s regi\u00f5es de Donetsk e Lugansk, no leste da Ucr\u00e2nia, consideradas alvos priorit\u00e1rios pelo Kremlin, ou tamb\u00e9m \u00e0s de Kherson e Zaporijjia, no sul.<\/p>\n<p>Em setembro de 2022, a R\u00fassia reivindicou a anexa\u00e7\u00e3o destes quatro territ\u00f3rios, que n\u00e3o controla totalmente.<\/p>\n<p>O texto foi entretanto <a href=\"https:\/\/expresso.pt\/internacional\/guerra-na-ucrania\/2025-11-25-zelensky-diz-que-nova-versao-do-plano-de-paz-inclui-posicoes-essenciais-da-ucrania-e-elogia-postura-construtiva-dos-eua-b178427f\" target=\"_blank\" rel=\"noopener noreferrer nofollow\">reformulado<\/a> ap\u00f3s consultas com a Ucr\u00e2nia e os pa\u00edses da chamada &#8220;<a href=\"https:\/\/expresso.pt\/internacional\/uniao-europeia\/2025-03-19-coligacao-dos-dispostos-para-onde-vai-a-ue-com-cimeiras-onde-hungria-e-eslovaquia-nao-entram-mas-paises-extracomunitarios-sim--80dd5d81\" target=\"_blank\" rel=\"noopener noreferrer nofollow\">Coliga\u00e7\u00e3o dos Dispostos<\/a>&#8220;, onde a possibilidade de ceder territ\u00f3rio \u00e9 uma quest\u00e3o vol\u00e1til ap\u00f3s quatro anos de invas\u00e3o russa no pa\u00eds.<\/p>\n<p>O enviado norte-americano, <a href=\"https:\/\/expresso.pt\/internacional\/guerra-na-ucrania\/2025-11-26-enviado-de-trump-aconselhou-o-kremlin-sobre-como-influenciar-a-posicao-dos-eua-na-guerra-da-ucrania-218b27ca\" target=\"_blank\" rel=\"noopener noreferrer nofollow\">Steve Witkoff<\/a>, \u00e9 esperado em Moscovo na pr\u00f3xima semana para discutir o plano com respons\u00e1veis russos.<\/p>\n<p><strong>Putin tamb\u00e9m reiterou hoje que o seu pa\u00eds n\u00e3o tem qualquer inten\u00e7\u00e3o de atacar a Uni\u00e3o Europeia<\/strong> (UE), mas indicou que Moscovo tinha elaborado &#8220;medidas de retalia\u00e7\u00e3o&#8221; econ\u00f3micas em caso de apreens\u00e3o dos <a href=\"https:\/\/expresso.pt\/internacional\/guerra-na-ucrania\/2025-10-28-russia-ameaca-ue-com-muitas-dores-de-cabeca-se-usar-ativos-russos-para-financiar-a-ucrania-1cbb50ee\" target=\"_blank\" rel=\"noopener noreferrer nofollow\">bens russos congelados<\/a>.<\/p>\n<p><strong>Tanto a UE como a Ucr\u00e2nia t\u00eam defendido a utiliza\u00e7\u00e3o dos bens russos apreendidos<\/strong> para apoiar o pa\u00eds que tem sido fustigado por quatro anos de conflito, iniciado com a invas\u00e3o russa em fevereiro de 2022.<\/p>\n<p>Atualmente, existem cerca de <strong>210 mil milh\u00f5es de euros em bens congelados russos na UE<\/strong>, principalmente na B\u00e9lgica, onde est\u00e1 sediada a Euroclear, uma das maiores institui\u00e7\u00f5es de t\u00edtulos financeiros do mundo.<\/p>\n","protected":false},"excerpt":{"rendered":"O Presidente russo, Vladimir Putin, afirmou hoje que Moscovo cessar\u00e1 as hostilidades com a Ucr\u00e2nia caso Kiev retire&hellip;\n","protected":false},"author":2,"featured_media":163993,"comment_status":"","ping_status":"","sticky":false,"template":"","format":"standard","meta":{"footnotes":""},"categories":[50],"tags":[27,28,15,16,14,25,26,21,22,62,12,13,19,20,23,24,17,18,29,30,31,63,64,65],"class_list":{"0":"post-167775","1":"post","2":"type-post","3":"status-publish","4":"format-standard","5":"has-post-thumbnail","7":"category-mundo","8":"tag-breaking-news","9":"tag-breakingnews","10":"tag-featured-news","11":"tag-featurednews","12":"tag-headlines","13":"tag-latest-news","14":"tag-latestnews","15":"tag-main-news","16":"tag-mainnews","17":"tag-mundo","18":"tag-news","19":"tag-noticias","20":"tag-noticias-principais","21":"tag-noticiasprincipais","22":"tag-principais-noticias","23":"tag-principaisnoticias","24":"tag-top-stories","25":"tag-topstories","26":"tag-ultimas","27":"tag-ultimas-noticias","28":"tag-ultimasnoticias","29":"tag-world","30":"tag-world-news","31":"tag-worldnews"},"share_on_mastodon":{"url":"https:\/\/pubeurope.com\/@pt\/115624866203965094","error":""},"_links":{"self":[{"href":"https:\/\/www.europesays.com\/pt\/wp-json\/wp\/v2\/posts\/167775","targetHints":{"allow":["GET"]}}],"collection":[{"href":"https:\/\/www.europesays.com\/pt\/wp-json\/wp\/v2\/posts"}],"about":[{"href":"https:\/\/www.europesays.com\/pt\/wp-json\/wp\/v2\/types\/post"}],"author":[{"embeddable":true,"href":"https:\/\/www.europesays.com\/pt\/wp-json\/wp\/v2\/users\/2"}],"replies":[{"embeddable":true,"href":"https:\/\/www.europesays.com\/pt\/wp-json\/wp\/v2\/comments?post=167775"}],"version-history":[{"count":0,"href":"https:\/\/www.europesays.com\/pt\/wp-json\/wp\/v2\/posts\/167775\/revisions"}],"wp:featuredmedia":[{"embeddable":true,"href":"https:\/\/www.europesays.com\/pt\/wp-json\/wp\/v2\/media\/163993"}],"wp:attachment":[{"href":"https:\/\/www.europesays.com\/pt\/wp-json\/wp\/v2\/media?parent=167775"}],"wp:term":[{"taxonomy":"category","embeddable":true,"href":"https:\/\/www.europesays.com\/pt\/wp-json\/wp\/v2\/categories?post=167775"},{"taxonomy":"post_tag","embeddable":true,"href":"https:\/\/www.europesays.com\/pt\/wp-json\/wp\/v2\/tags?post=167775"}],"curies":[{"name":"wp","href":"https:\/\/api.w.org\/{rel}","templated":true}]}}