{"id":167788,"date":"2025-11-28T02:18:20","date_gmt":"2025-11-28T02:18:20","guid":{"rendered":"https:\/\/www.europesays.com\/pt\/167788\/"},"modified":"2025-11-28T02:18:20","modified_gmt":"2025-11-28T02:18:20","slug":"mulher-detida-em-lisboa-por-pornografia-de-menores-observador","status":"publish","type":"post","link":"https:\/\/www.europesays.com\/pt\/167788\/","title":{"rendered":"Mulher detida em Lisboa por pornografia de menores \u2013 Observador"},"content":{"rendered":"<p>A Pol\u00edcia Judici\u00e1ria (PJ) deteve na zona de Lisboa uma mulher indiciada pelo crime de pornografia de menores, que tinha nos seus telem\u00f3veis imagens de <strong>abuso e explora\u00e7\u00e3o sexual de menores<\/strong>.<\/p>\n<p>A mulher de 45 anos foi detida em \u201cflagrante delito\u201d estando \u201cfortemente indiciada pela pr\u00e1tica do crime de pornografia de menores\u201d, revela esta quinta-feira a PJ em comunicado enviado para as reda\u00e7\u00f5es.<\/p>\n<p>A investiga\u00e7\u00e3o realizada pela Unidade Nacional de Combate ao Cibercrime e \u00e0 Criminalidade Tecnol\u00f3gica (UNC3T)\u00a0teve\u00a0na base \u201ca partilha de ficheiros compat\u00edveis com conte\u00fados de abuso e explora\u00e7\u00e3o sexual de menores, efetuado a partir de acessos registados em Portugal\u201d.<\/p>\n<p>Durante as dilig\u00eancias, <strong>que inclu\u00edram buscas domicili\u00e1rias<\/strong>, os agentes conseguiram \u201cidentificar, localizar e apreender, nos telem\u00f3veis utilizados pela arguida, ficheiros compat\u00edveis com os referidos conte\u00fados\u201d, acrescenta a pol\u00edcia.<\/p>\n<p>A arguida foi constitu\u00edda arguida e sujeita \u00e0 medida de coa\u00e7\u00e3o de Termo de Identidade e Resid\u00eancia, estando a aguardar o desenvolvimento da investiga\u00e7\u00e3o em liberdade, acrescenta a PJ.<\/p>\n","protected":false},"excerpt":{"rendered":"A Pol\u00edcia Judici\u00e1ria (PJ) deteve na zona de Lisboa uma mulher indiciada pelo crime de pornografia de menores,&hellip;\n","protected":false},"author":2,"featured_media":167789,"comment_status":"","ping_status":"","sticky":false,"template":"","format":"standard","meta":{"footnotes":""},"categories":[8],"tags":[27,28,604,15,16,14,300,25,26,797,21,22,12,13,19,20,57,3918,26326,32,23,24,33,58,17,18,29,30,31],"class_list":{"0":"post-167788","1":"post","2":"type-post","3":"status-publish","4":"format-standard","5":"has-post-thumbnail","7":"category-principais-noticias","8":"tag-breaking-news","9":"tag-breakingnews","10":"tag-crime","11":"tag-featured-news","12":"tag-featurednews","13":"tag-headlines","14":"tag-justiu00e7a","15":"tag-latest-news","16":"tag-latestnews","17":"tag-lisboa","18":"tag-main-news","19":"tag-mainnews","20":"tag-news","21":"tag-noticias","22":"tag-noticias-principais","23":"tag-noticiasprincipais","24":"tag-pau00eds","25":"tag-polu00edcia-judiciu00e1ria","26":"tag-pornografia-infantil","27":"tag-portugal","28":"tag-principais-noticias","29":"tag-principaisnoticias","30":"tag-pt","31":"tag-sociedade","32":"tag-top-stories","33":"tag-topstories","34":"tag-ultimas","35":"tag-ultimas-noticias","36":"tag-ultimasnoticias"},"share_on_mastodon":{"url":"https:\/\/pubeurope.com\/@pt\/115624929126205241","error":""},"_links":{"self":[{"href":"https:\/\/www.europesays.com\/pt\/wp-json\/wp\/v2\/posts\/167788","targetHints":{"allow":["GET"]}}],"collection":[{"href":"https:\/\/www.europesays.com\/pt\/wp-json\/wp\/v2\/posts"}],"about":[{"href":"https:\/\/www.europesays.com\/pt\/wp-json\/wp\/v2\/types\/post"}],"author":[{"embeddable":true,"href":"https:\/\/www.europesays.com\/pt\/wp-json\/wp\/v2\/users\/2"}],"replies":[{"embeddable":true,"href":"https:\/\/www.europesays.com\/pt\/wp-json\/wp\/v2\/comments?post=167788"}],"version-history":[{"count":0,"href":"https:\/\/www.europesays.com\/pt\/wp-json\/wp\/v2\/posts\/167788\/revisions"}],"wp:featuredmedia":[{"embeddable":true,"href":"https:\/\/www.europesays.com\/pt\/wp-json\/wp\/v2\/media\/167789"}],"wp:attachment":[{"href":"https:\/\/www.europesays.com\/pt\/wp-json\/wp\/v2\/media?parent=167788"}],"wp:term":[{"taxonomy":"category","embeddable":true,"href":"https:\/\/www.europesays.com\/pt\/wp-json\/wp\/v2\/categories?post=167788"},{"taxonomy":"post_tag","embeddable":true,"href":"https:\/\/www.europesays.com\/pt\/wp-json\/wp\/v2\/tags?post=167788"}],"curies":[{"name":"wp","href":"https:\/\/api.w.org\/{rel}","templated":true}]}}