{"id":167803,"date":"2025-11-28T02:40:09","date_gmt":"2025-11-28T02:40:09","guid":{"rendered":"https:\/\/www.europesays.com\/pt\/167803\/"},"modified":"2025-11-28T02:40:09","modified_gmt":"2025-11-28T02:40:09","slug":"a-protegida-cheios-de-dinheiro-clarice-e-jorge-vao-morar-para-casa-sem-agua-e-sem-luz-novelas","status":"publish","type":"post","link":"https:\/\/www.europesays.com\/pt\/167803\/","title":{"rendered":"A Protegida: Cheios de dinheiro, Clarice e Jorge v\u00e3o morar para casa sem \u00e1gua e sem luz &#8211; Novelas"},"content":{"rendered":"<p>Em \u00abA Protegida\u00bb, Clarice (Fernanda Serrano) e Jorge (Paulo Pires) entram da rua com as malas de viagem. Tentam acender a luz, mas n\u00e3o d\u00e1, porque n\u00e3o pagaram as contas. Jorge achou melhor virem ali para casa, pois desconfiou que Mariana (Matilde Reym\u00e3o) estava a preparar alguma. Clarice tem pena que os filhos n\u00e3o queiram saber deles e que n\u00e3o possam desfrutar do dinheiro que agora t\u00eam.<\/p>\n","protected":false},"excerpt":{"rendered":"Em \u00abA Protegida\u00bb, Clarice (Fernanda Serrano) e Jorge (Paulo Pires) entram da rua com as malas de viagem.&hellip;\n","protected":false},"author":2,"featured_media":167804,"comment_status":"","ping_status":"","sticky":false,"template":"","format":"standard","meta":{"footnotes":""},"categories":[142],"tags":[168,160,166,114,115,157,167,164,2931,161,158,165,159,32,33,156,163,151,162],"class_list":{"0":"post-167803","1":"post","2":"type-post","3":"status-publish","4":"format-standard","5":"has-post-thumbnail","7":"category-tv","8":"tag-a-protegida","9":"tag-ana-guiomar","10":"tag-cristina-ferreira","11":"tag-entertainment","12":"tag-entretenimento","13":"tag-festa-e-festa","14":"tag-ficcao","15":"tag-jose-fidalgo","16":"tag-novela","17":"tag-novelas","18":"tag-para-sempre","19":"tag-pedro-sousa","20":"tag-pedro-teixeira","21":"tag-portugal","22":"tag-pt","23":"tag-queridos-papas","24":"tag-tiago-teotonio-pereira","25":"tag-tv","26":"tag-tvi"},"share_on_mastodon":{"url":"https:\/\/pubeurope.com\/@pt\/115625015583124507","error":""},"_links":{"self":[{"href":"https:\/\/www.europesays.com\/pt\/wp-json\/wp\/v2\/posts\/167803","targetHints":{"allow":["GET"]}}],"collection":[{"href":"https:\/\/www.europesays.com\/pt\/wp-json\/wp\/v2\/posts"}],"about":[{"href":"https:\/\/www.europesays.com\/pt\/wp-json\/wp\/v2\/types\/post"}],"author":[{"embeddable":true,"href":"https:\/\/www.europesays.com\/pt\/wp-json\/wp\/v2\/users\/2"}],"replies":[{"embeddable":true,"href":"https:\/\/www.europesays.com\/pt\/wp-json\/wp\/v2\/comments?post=167803"}],"version-history":[{"count":0,"href":"https:\/\/www.europesays.com\/pt\/wp-json\/wp\/v2\/posts\/167803\/revisions"}],"wp:featuredmedia":[{"embeddable":true,"href":"https:\/\/www.europesays.com\/pt\/wp-json\/wp\/v2\/media\/167804"}],"wp:attachment":[{"href":"https:\/\/www.europesays.com\/pt\/wp-json\/wp\/v2\/media?parent=167803"}],"wp:term":[{"taxonomy":"category","embeddable":true,"href":"https:\/\/www.europesays.com\/pt\/wp-json\/wp\/v2\/categories?post=167803"},{"taxonomy":"post_tag","embeddable":true,"href":"https:\/\/www.europesays.com\/pt\/wp-json\/wp\/v2\/tags?post=167803"}],"curies":[{"name":"wp","href":"https:\/\/api.w.org\/{rel}","templated":true}]}}