{"id":167806,"date":"2025-11-28T02:48:12","date_gmt":"2025-11-28T02:48:12","guid":{"rendered":"https:\/\/www.europesays.com\/pt\/167806\/"},"modified":"2025-11-28T02:48:12","modified_gmt":"2025-11-28T02:48:12","slug":"putin-admite-terminar-guerra-se-a-ucrania-desistir-das-regioes-reclamadas-pela-russia-guerra-na-ucrania","status":"publish","type":"post","link":"https:\/\/www.europesays.com\/pt\/167806\/","title":{"rendered":"Putin admite terminar guerra se a Ucr\u00e2nia desistir das regi\u00f5es reclamadas pela R\u00fassia | Guerra na Ucr\u00e2nia"},"content":{"rendered":"<p>O Presidente russo, Vladimir Putin, afirmou esta quinta-feira que Moscovo cessar\u00e1 as hostilidades com a Ucr\u00e2nia caso Kiev retire as suas for\u00e7as dos territ\u00f3rios que a R\u00fassia anexou ilegalmente durante a <a href=\"https:\/\/www.publico.pt\/guerra-ucrania\" rel=\"nofollow noopener\" target=\"_blank\">guerra<\/a>.<\/p>\n<p>&#8220;Se as tropas ucranianas abandonarem os territ\u00f3rios ocupados, cessaremos as hostilidades. Se n\u00e3o sa\u00edrem, expuls\u00e1-las-emos pela for\u00e7a militar&#8221;, declarou numa confer\u00eancia de imprensa em Bishkek, capital do Quirguist\u00e3o, onde est\u00e1 a realizar uma visita de Estado.<\/p>\n<p>O l\u00edder da R\u00fassia voltou a afirmar que o reconhecimento da Crimeia e da regi\u00e3o do Donbass como territ\u00f3rios russos constitui \u201cum dos pontos-chave\u201d para Moscovo nas negocia\u00e7\u00f5es em curso, que dever\u00e3o ser retomadas na pr\u00f3xima semana com uma <a href=\"https:\/\/www.publico.pt\/2025\/11\/26\/mundo\/noticia\/witkoff-vai-moscovo-escutar-objeccoes-russas-cedencias-paz-2156118\" rel=\"nofollow noopener\" target=\"_blank\">nova visita<\/a> do enviado especial norte-americano, Steve Witkoff, a Moscovo.<\/p>\n<p>O plano de paz discutido recentemente entre representantes ucranianos e norte-americanos em Genebra \u201cpode lan\u00e7ar as bases para futuros acordos\u201d, disse Putin. \u201cPelo que entendi, decidiram que os <a href=\"https:\/\/www.publico.pt\/2025\/11\/21\/mundo\/noticia\/28-pontos-plano-paz-eua-russia-apresentaram-ucrania-2155552\" rel=\"nofollow noopener\" target=\"_blank\">28 pontos<\/a> deveriam ser divididos em quatro fases. Tudo isso nos foi comunicado\u201d, acrescentou, voltando a criticar as autoridades ucranianas pela sua alegada falta de legitimidade.<\/p>\n<p>\u201cAssim que forem assinados acordos de paz, a lei marcial imposta por Kiev deve ser imediatamente levantada. Devem ser convocadas elei\u00e7\u00f5es de imediato\u201d, afirmou, citado pela ag\u00eancia TASS.<\/p>\n<p>Putin disse ainda que a R\u00fassia est\u00e1 disposta a formalizar a sua posi\u00e7\u00e3o de que n\u00e3o tem inten\u00e7\u00e3o de atacar pa\u00edses europeus, numa altura em que os aliados ocidentais de Kiev apelam ao refor\u00e7o da ind\u00fastria de defesa europeia.<\/p>\n<p>\u201cSe isto est\u00e1 a ser difundido na opini\u00e3o p\u00fablica, se assustaram os seus cidad\u00e3os e querem ouvir que n\u00e3o vamos fazer nada, que n\u00e3o temos planos nem inten\u00e7\u00f5es agressivas em rela\u00e7\u00e3o \u00e0 Europa, ent\u00e3o muito bem: estamos dispostos a document\u00e1-lo da forma que quiserem\u201d, sublinhou durante a confer\u00eancia de imprensa no Quirguist\u00e3o.<\/p>\n<p>O Presidente russo referia-se aos que alegam que \u201ca R\u00fassia se prepara para atacar a Europa\u201d e que \u00e9 \u201cnecess\u00e1rio fortalecer de imediato o potencial de defesa\u201d europeu, acusando-os de procurarem \u201cmelhorar os seus \u00edndices de popularidade na pol\u00edtica interna\u201d ou at\u00e9 de \u201cservirem os interesses da ind\u00fastria de defesa\u201d.<\/p>\n<p>Putin acrescentou ainda que, caso os parceiros ocidentais \u201cqueiram dialogar, debater e resolver quest\u00f5es de seguran\u00e7a europeias\u201d, Moscovo est\u00e1 dispon\u00edvel. \u201cEstamos preparados, mas ambos sabemos que isto deve ser discutido seriamente. Cada palavra conta\u201d, afirmou.<\/p>\n","protected":false},"excerpt":{"rendered":"O Presidente russo, Vladimir Putin, afirmou esta quinta-feira que Moscovo cessar\u00e1 as hostilidades com a Ucr\u00e2nia caso Kiev&hellip;\n","protected":false},"author":2,"featured_media":167807,"comment_status":"","ping_status":"","sticky":false,"template":"","format":"standard","meta":{"footnotes":""},"categories":[50],"tags":[995,27,28,353,15,16,889,14,25,26,21,22,62,12,13,19,20,23,24,839,17,18,840,29,30,31,2415,63,64,65],"class_list":{"0":"post-167806","1":"post","2":"type-post","3":"status-publish","4":"format-standard","5":"has-post-thumbnail","7":"category-mundo","8":"tag-abre-conteudo","9":"tag-breaking-news","10":"tag-breakingnews","11":"tag-em-destaque","12":"tag-featured-news","13":"tag-featurednews","14":"tag-guerra-na-ucrania","15":"tag-headlines","16":"tag-latest-news","17":"tag-latestnews","18":"tag-main-news","19":"tag-mainnews","20":"tag-mundo","21":"tag-news","22":"tag-noticias","23":"tag-noticias-principais","24":"tag-noticiasprincipais","25":"tag-principais-noticias","26":"tag-principaisnoticias","27":"tag-russia","28":"tag-top-stories","29":"tag-topstories","30":"tag-ucrania","31":"tag-ultimas","32":"tag-ultimas-noticias","33":"tag-ultimasnoticias","34":"tag-vladimir-putin","35":"tag-world","36":"tag-world-news","37":"tag-worldnews"},"share_on_mastodon":{"url":"","error":"Validation failed: Text character limit of 500 exceeded"},"_links":{"self":[{"href":"https:\/\/www.europesays.com\/pt\/wp-json\/wp\/v2\/posts\/167806","targetHints":{"allow":["GET"]}}],"collection":[{"href":"https:\/\/www.europesays.com\/pt\/wp-json\/wp\/v2\/posts"}],"about":[{"href":"https:\/\/www.europesays.com\/pt\/wp-json\/wp\/v2\/types\/post"}],"author":[{"embeddable":true,"href":"https:\/\/www.europesays.com\/pt\/wp-json\/wp\/v2\/users\/2"}],"replies":[{"embeddable":true,"href":"https:\/\/www.europesays.com\/pt\/wp-json\/wp\/v2\/comments?post=167806"}],"version-history":[{"count":0,"href":"https:\/\/www.europesays.com\/pt\/wp-json\/wp\/v2\/posts\/167806\/revisions"}],"wp:featuredmedia":[{"embeddable":true,"href":"https:\/\/www.europesays.com\/pt\/wp-json\/wp\/v2\/media\/167807"}],"wp:attachment":[{"href":"https:\/\/www.europesays.com\/pt\/wp-json\/wp\/v2\/media?parent=167806"}],"wp:term":[{"taxonomy":"category","embeddable":true,"href":"https:\/\/www.europesays.com\/pt\/wp-json\/wp\/v2\/categories?post=167806"},{"taxonomy":"post_tag","embeddable":true,"href":"https:\/\/www.europesays.com\/pt\/wp-json\/wp\/v2\/tags?post=167806"}],"curies":[{"name":"wp","href":"https:\/\/api.w.org\/{rel}","templated":true}]}}