{"id":167810,"date":"2025-11-28T02:51:12","date_gmt":"2025-11-28T02:51:12","guid":{"rendered":"https:\/\/www.europesays.com\/pt\/167810\/"},"modified":"2025-11-28T02:51:12","modified_gmt":"2025-11-28T02:51:12","slug":"ator-e-dublador-morre-aos-55-anos-apos-cair-da-laje-de-casa","status":"publish","type":"post","link":"https:\/\/www.europesays.com\/pt\/167810\/","title":{"rendered":"Ator e dublador morre aos 55 anos ap\u00f3s cair da laje de casa"},"content":{"rendered":"\n<p data-yield-master-placement-inserted=\"\">O artista, que emprestou sua voz a filmes e s\u00e9ries, como &#8220;Nicky, Ricky, Dicky &amp; Dawn&#8221; (Nickelodeon), &#8220;Vai, Cachorro, Vai!&#8221; (Netflix), &#8220;A Bela e a Fera&#8221; (Disney), entre outras, sofreu o acidente dom\u00e9stico ao subido na estrutura da resid\u00eancia para vistoriar o andamento de uma obra.<\/p>\n<p>Em seus 30 anos de carreira, al\u00e9m de se destacar como dublador de filmes e s\u00e9ries,\u00a0<strong>Tony Germano\u00a0<\/strong>tamb\u00e9m teve reconhecimento nos palcos ao participar de produ\u00e7\u00f5es como &#8220;O Fantasma da \u00d3pera (2006)&#8221;, &#8220;Miss Saigon (2008)&#8221;, &#8220;Jekyll &amp; Hyde &#8211; O M\u00e9dico e o Monstro (2010)&#8221; e &#8220;Um Violinista no Telhado (2012)&#8221;.<\/p>\n<p>O ator, roteirista e diretor\u00a0<strong>Miguel Falabella<\/strong>\u00a0foi um dos primeiros famosos a se manifestar sobre a partida do amigo:\u00a0&#8220;Um profissional irretoc\u00e1vel, um amigo querido, um ator de talento, tive o privil\u00e9gio de estar a seu lado em algumas produ\u00e7\u00f5es, como Annie e o Homem de la Mancha, entre outras. Dever cumprido, querido&#8221;.<\/p>\n","protected":false},"excerpt":{"rendered":"O artista, que emprestou sua voz a filmes e s\u00e9ries, como &#8220;Nicky, Ricky, Dicky &amp; Dawn&#8221; (Nickelodeon), &#8220;Vai,&hellip;\n","protected":false},"author":2,"featured_media":167811,"comment_status":"","ping_status":"","sticky":false,"template":"","format":"standard","meta":{"footnotes":""},"categories":[145],"tags":[59,1244,211,210,1579,24881,114,115,148,35261,1437,32,33,9414,31728,654,35262],"class_list":{"0":"post-167810","1":"post","2":"type-post","3":"status-publish","4":"format-standard","5":"has-post-thumbnail","7":"category-celebridades","8":"tag-acidente","9":"tag-ator","10":"tag-celebridades","11":"tag-celebrities","12":"tag-disney","13":"tag-dublador","14":"tag-entertainment","15":"tag-entretenimento","16":"tag-filmes","17":"tag-laje","18":"tag-morte","19":"tag-portugal","20":"tag-pt","21":"tag-queda","22":"tag-residencia","23":"tag-sao-paulo","24":"tag-tony-germano"},"share_on_mastodon":{"url":"https:\/\/pubeurope.com\/@pt\/115625058831823484","error":""},"_links":{"self":[{"href":"https:\/\/www.europesays.com\/pt\/wp-json\/wp\/v2\/posts\/167810","targetHints":{"allow":["GET"]}}],"collection":[{"href":"https:\/\/www.europesays.com\/pt\/wp-json\/wp\/v2\/posts"}],"about":[{"href":"https:\/\/www.europesays.com\/pt\/wp-json\/wp\/v2\/types\/post"}],"author":[{"embeddable":true,"href":"https:\/\/www.europesays.com\/pt\/wp-json\/wp\/v2\/users\/2"}],"replies":[{"embeddable":true,"href":"https:\/\/www.europesays.com\/pt\/wp-json\/wp\/v2\/comments?post=167810"}],"version-history":[{"count":0,"href":"https:\/\/www.europesays.com\/pt\/wp-json\/wp\/v2\/posts\/167810\/revisions"}],"wp:featuredmedia":[{"embeddable":true,"href":"https:\/\/www.europesays.com\/pt\/wp-json\/wp\/v2\/media\/167811"}],"wp:attachment":[{"href":"https:\/\/www.europesays.com\/pt\/wp-json\/wp\/v2\/media?parent=167810"}],"wp:term":[{"taxonomy":"category","embeddable":true,"href":"https:\/\/www.europesays.com\/pt\/wp-json\/wp\/v2\/categories?post=167810"},{"taxonomy":"post_tag","embeddable":true,"href":"https:\/\/www.europesays.com\/pt\/wp-json\/wp\/v2\/tags?post=167810"}],"curies":[{"name":"wp","href":"https:\/\/api.w.org\/{rel}","templated":true}]}}