{"id":167816,"date":"2025-11-28T03:05:14","date_gmt":"2025-11-28T03:05:14","guid":{"rendered":"https:\/\/www.europesays.com\/pt\/167816\/"},"modified":"2025-11-28T03:05:14","modified_gmt":"2025-11-28T03:05:14","slug":"cristiano-ronaldo-surpreende-diogo-amaral-em-dia-especial-eis-o-video-viral-novelas","status":"publish","type":"post","link":"https:\/\/www.europesays.com\/pt\/167816\/","title":{"rendered":"Cristiano Ronaldo surpreende Diogo Amaral em dia especial? Eis o v\u00eddeo viral &#8211; Novelas"},"content":{"rendered":"<p data-end=\"392\" data-start=\"73\"><a href=\"https:\/\/tvi.iol.pt\/novelas\/diogo-amaral\/jessica-athayde\/engravidar-nos-proximos-meses-diogo-amaral-deixa-a-duvida-sobre-possivel-gravidez-de-jessica-athayde\" rel=\"nofollow noopener\" target=\"_blank\"><strong data-end=\"89\" data-start=\"73\">Diogo Amaral<\/strong><\/a> celebrou\u00a0<strong data-end=\"109\" data-start=\"98\">44 anos<\/strong> esta quarta-feira, 26 de novembro, e recebeu felicita\u00e7\u00f5es n\u00e3o s\u00f3 da sua mulher, <a href=\"https:\/\/tvi.iol.pt\/novelas\/diogo-amaral\/jessica-athayde\/engravidar-nos-proximos-meses-diogo-amaral-deixa-a-duvida-sobre-possivel-gravidez-de-jessica-athayde\" rel=\"nofollow noopener\" target=\"_blank\"><strong data-end=\"209\" data-start=\"190\">Jessica Athayde<\/strong>,<\/a> mas tamb\u00e9m de <strong data-end=\"246\" data-start=\"225\">Cristiano Ronaldo<\/strong>\u00a0embora, neste caso, a mensagem se trate de uma brincadeira. A celebra\u00e7\u00e3o foi partilhada nas redes sociais com fotos e mensagens humor\u00edsticas. Jessica Athayde fez quest\u00e3o de parabenizar publicamente o ator com uma publica\u00e7\u00e3o cheia de fotos e um texto divertido, mantendo o tom de humor que caracteriza o casal. <strong>\u201cO meu mais velho faz anos. Marid\u00e3o, continua saud\u00e1vel que eu preciso de ti para discutir. Love you\u201d,<\/strong> escreveu a atriz na legenda da partilha. (Vejas as melhores imagens do casal na nossa galeria).<\/p>\n<p data-end=\"1129\" data-start=\"763\">No entanto, Jessica n\u00e3o foi a \u00fanica a felicitar Diogo. Al\u00e9m de f\u00e3s, amigos e colegas que celebraram a data, tamb\u00e9m <a href=\"https:\/\/tvi.iol.pt\/novelas\/cristiano-ronaldo\/georgina-rodriguez\/noivado-de-cristiano-ronaldo-da-que-falar-eis-a-reacao-hilariante-de-diogo-amaral-anel-igualzinho-ao-que\" rel=\"nofollow noopener\" target=\"_blank\"><strong>Cristiano Ronaldo <\/strong><\/a>surge numa publica\u00e7\u00e3o do ator, embora em <strong data-end=\"961\" data-start=\"937\">montagem humor\u00edstica<\/strong>. Diogo partilhou um v\u00eddeo no qual o internacional portugu\u00eas diz: <strong>\u201cPara te dar um abra\u00e7o, feliz anivers\u00e1rio. Tudo de bom para voc\u00ea, est\u00e1? Fica com Deus\u201d, referiu CR7.<\/strong><\/p>\n<p data-end=\"1305\" data-start=\"1131\"><strong>\u201cMuito obrigado, o meu Cris nunca se esquece\u2026 <\/strong>Tamb\u00e9m me podes os parab\u00e9ns, eu vou adorar (pormenor: este v\u00eddeo \u00e9 montagem)\u201d, escreveu Diogo Amaral na legenda da publica\u00e7\u00e3o.<\/p>\n<p data-end=\"1579\" data-start=\"1307\">O ator \u00e9 bastante ativo no mundo digital, partilhando diversos conte\u00fados humor\u00edsticos, muitos deles em conjunto com Jessica Athayde. Recorde-se que o casal casou-se no ano passado, a <strong data-end=\"1508\" data-start=\"1490\">30 de novembro<\/strong>, estando prestes a celebrar o <strong data-end=\"1576\" data-start=\"1539\">primeiro anivers\u00e1rio de casamento<\/strong>.<\/p>\n<p data-end=\"1963\" data-is-last-node=\"\" data-is-only-node=\"\" data-start=\"1581\">A festa contou com uma <strong data-end=\"1625\" data-start=\"1604\">grande celebra\u00e7\u00e3o<\/strong> e a presen\u00e7a de v\u00e1rias caras conhecidas, entre elas <strong data-end=\"1798\" data-start=\"1678\">Eduardo Madeira, In\u00eas Her\u00e9dia, Jos\u00e9 Mata, Raquel Strada, Kelly Bailey, J\u00falia Palha, Vasco Palmeirim, Gabriela Sobral<\/strong> e <strong data-end=\"1818\" data-start=\"1801\">Jo\u00e3o Manzarra<\/strong>, entre outros. O evento teve cerca de <strong data-end=\"1875\" data-start=\"1857\">200 convidados<\/strong> e decorreu no Pavilh\u00e3o de Exposi\u00e7\u00f5es do Instituto Superior de Agronomia, em Lisboa.<\/p>\n<p data-end=\"1963\" data-is-last-node=\"\" data-is-only-node=\"\" data-start=\"1581\"><strong>Ora veja a galeria que mostra todos os detalhes deste casamento de sonho.<\/strong><\/p>\n","protected":false},"excerpt":{"rendered":"Diogo Amaral celebrou\u00a044 anos esta quarta-feira, 26 de novembro, e recebeu felicita\u00e7\u00f5es n\u00e3o s\u00f3 da sua mulher, Jessica&hellip;\n","protected":false},"author":2,"featured_media":167817,"comment_status":"","ping_status":"","sticky":false,"template":"","format":"standard","meta":{"footnotes":""},"categories":[145],"tags":[160,211,210,166,2663,114,115,157,167,11436,164,161,158,165,159,32,33,156,163,162],"class_list":{"0":"post-167816","1":"post","2":"type-post","3":"status-publish","4":"format-standard","5":"has-post-thumbnail","7":"category-celebridades","8":"tag-ana-guiomar","9":"tag-celebridades","10":"tag-celebrities","11":"tag-cristina-ferreira","12":"tag-diogo-amaral","13":"tag-entertainment","14":"tag-entretenimento","15":"tag-festa-e-festa","16":"tag-ficcao","17":"tag-jessica-athayde","18":"tag-jose-fidalgo","19":"tag-novelas","20":"tag-para-sempre","21":"tag-pedro-sousa","22":"tag-pedro-teixeira","23":"tag-portugal","24":"tag-pt","25":"tag-queridos-papas","26":"tag-tiago-teotonio-pereira","27":"tag-tvi"},"share_on_mastodon":{"url":"https:\/\/pubeurope.com\/@pt\/115625113874884222","error":""},"_links":{"self":[{"href":"https:\/\/www.europesays.com\/pt\/wp-json\/wp\/v2\/posts\/167816","targetHints":{"allow":["GET"]}}],"collection":[{"href":"https:\/\/www.europesays.com\/pt\/wp-json\/wp\/v2\/posts"}],"about":[{"href":"https:\/\/www.europesays.com\/pt\/wp-json\/wp\/v2\/types\/post"}],"author":[{"embeddable":true,"href":"https:\/\/www.europesays.com\/pt\/wp-json\/wp\/v2\/users\/2"}],"replies":[{"embeddable":true,"href":"https:\/\/www.europesays.com\/pt\/wp-json\/wp\/v2\/comments?post=167816"}],"version-history":[{"count":0,"href":"https:\/\/www.europesays.com\/pt\/wp-json\/wp\/v2\/posts\/167816\/revisions"}],"wp:featuredmedia":[{"embeddable":true,"href":"https:\/\/www.europesays.com\/pt\/wp-json\/wp\/v2\/media\/167817"}],"wp:attachment":[{"href":"https:\/\/www.europesays.com\/pt\/wp-json\/wp\/v2\/media?parent=167816"}],"wp:term":[{"taxonomy":"category","embeddable":true,"href":"https:\/\/www.europesays.com\/pt\/wp-json\/wp\/v2\/categories?post=167816"},{"taxonomy":"post_tag","embeddable":true,"href":"https:\/\/www.europesays.com\/pt\/wp-json\/wp\/v2\/tags?post=167816"}],"curies":[{"name":"wp","href":"https:\/\/api.w.org\/{rel}","templated":true}]}}