{"id":167824,"date":"2025-11-28T03:19:15","date_gmt":"2025-11-28T03:19:15","guid":{"rendered":"https:\/\/www.europesays.com\/pt\/167824\/"},"modified":"2025-11-28T03:19:15","modified_gmt":"2025-11-28T03:19:15","slug":"vicky-justus-faz-pedido-de-natal-inusitado-ao-papai-noel-saiba-o-que-ela-quer-ganhar","status":"publish","type":"post","link":"https:\/\/www.europesays.com\/pt\/167824\/","title":{"rendered":"Vicky Justus faz pedido de Natal inusitado ao Papai Noel; saiba o que ela quer ganhar"},"content":{"rendered":"<p><strong>Vicky Justus,<\/strong> de 5 anos, teve um encontro com o Papai Noel durante um passeio com <a href=\"https:\/\/caras.com.br\/tags\/ana-paula-siebert\" rel=\"nofollow noopener\" target=\"_blank\"><strong>Ana Paula Siebert<\/strong><\/a> em um shopping de S\u00e3o Paulo nesta quinta-feira, 27. A menina, que costuma aparecer em momentos compartilhados pela m\u00e3e nas redes sociais, aproveitou a visita para entregar uma cartinha cuidadosamente preparada para a data.<\/p>\n<p>As imagens do encontro registram Vicky no colo do bom velhinho e ao lado da m\u00e3e, em um cen\u00e1rio decorado com temas natalinos. O momento, por\u00e9m, chamou aten\u00e7\u00e3o n\u00e3o apenas pela fofura, mas pelo conte\u00fado da mensagem que a pequena levou at\u00e9 ele.<\/p>\n<p>Durante a visita, Vicky revelou ao Papai Noel o desejo de ganhar um item espec\u00edfico neste Natal. A cartinha mencionava um Labubu gigante, branco e com asas, pe\u00e7a que faz parte de uma linha de bonecos colecion\u00e1veis criada pelo designer de Hong Kong Kasing Lung. O brinquedo se destaca por edi\u00e7\u00f5es limitadas, tamanhos variados e modelos que costumam se esgotar rapidamente.<\/p>\n<p>A cole\u00e7\u00e3o virou febre entre crian\u00e7as e adultos, e algumas vers\u00f5es alcan\u00e7am valores altos no mercado colecion\u00e1vel.<\/p>\n<p>\t <img loading=\"lazy\" decoding=\"async\" class=\"wp-image-1036870 size-full img-fluid lazy\" alt=\"Vicky Justus e Ana Paula Siebert com o Papai Noel - Fotos: Patr\u00edcia Devoraes \/ Brazil News\" width=\"1707\" height=\"2560\" src=\"https:\/\/www.europesays.com\/pt\/wp-content\/uploads\/2025\/11\/PATD6502-scaled.jpg\"  \/>Vicky Justus e Ana Paula Siebert com o Papai Noel \u2013 Fotos: Patr\u00edcia Devoraes \/ Brazil News <\/p>\n<p>\u00a0<\/p>\n<p> <img loading=\"lazy\" decoding=\"async\" class=\"wp-image-1036869 size-full img-fluid lazy\" alt=\"Vicky Justus com o Papai Noel - Fotos: Patr\u00edcia Devoraes \/ Brazil News\" width=\"1707\" height=\"2560\" src=\"https:\/\/www.europesays.com\/pt\/wp-content\/uploads\/2025\/11\/PATD6490-scaled.jpg\"  \/>Vicky Justus com o Papai Noel \u2013 Fotos: Patr\u00edcia Devoraes \/ Brazil News <\/p>\n<p>\u00a0<\/p>\n<p> <img loading=\"lazy\" decoding=\"async\" class=\"wp-image-1036868 size-full img-fluid lazy\" alt=\"Vicky Justus com o Papai Noel - Fotos: Patr\u00edcia Devoraes \/ Brazil News\" width=\"1707\" height=\"2560\" src=\"https:\/\/www.europesays.com\/pt\/wp-content\/uploads\/2025\/11\/PATD6488-scaled.jpg\"  \/>Vicky Justus com o Papai Noel \u2013 Fotos: Patr\u00edcia Devoraes \/ Brazil News <\/p>\n<p>\u00a0<\/p>\n<p> <img loading=\"lazy\" decoding=\"async\" class=\"wp-image-1036866 size-full img-fluid lazy\" alt=\"Vicky Justus com o Papai Noel - Fotos: Patr\u00edcia Devoraes \/ Brazil News\" width=\"1707\" height=\"2560\" src=\"https:\/\/www.europesays.com\/pt\/wp-content\/uploads\/2025\/11\/PATD6485-scaled.jpg\"  \/>Vicky Justus com o Papai Noel \u2013 Fotos: Patr\u00edcia Devoraes \/ Brazil News Viagem ao Qu\u00eania <\/p>\n<p>O passeio ocorreu pouco tempo ap\u00f3s o retorno de Ana Paula e Vicky ao Brasil. As duas haviam passado uma temporada no Qu\u00eania, na Su\u00edte Presidencial Serengeti, do rec\u00e9m-inaugurado Masai Mara Safari Camp.<\/p>\n<p>O espa\u00e7o, localizado no cora\u00e7\u00e3o da savana, possui uma vista ampla para os animais do Serengeti, duas su\u00edtes completas, ambientes internos e deques externos, sala de jantar, cozinha e bar, al\u00e9m das paredes externas de vidro que permitem observar a vida selvagem ao redor.<\/p>\n<p>Nas imagens publicadas pela influenciadora, m\u00e3e e filha aparecem sentadas \u00e0 mesa de caf\u00e9 da manh\u00e3 enquanto observam os animais que se aproximam pelas janelas do local. Ao comentar o epis\u00f3dio, Ana Paula descreveu o in\u00edcio do dia em que uma girafa surgiu no quarto delas durante a manh\u00e3.<\/p>\n<p>\u201cSonhei, planejei\u2026 e no instante em que eu menos esperava, l\u00e1 estava ela, bateu na nossa janela \u00e0s 5h30 da manh\u00e3\u201d, relatou. Ela afirmou que o momento se tornou uma lembran\u00e7a marcante para ambas e disse que algumas experi\u00eancias \u201cn\u00e3o cabem em fotos\u201d.<\/p>\n<blockquote class=\"instagram-media\" style=\"background: #FFF; border: 0; border-radius: 3px; box-shadow: 0 0 1px 0 rgba(0,0,0,0.5),0 1px 10px 0 rgba(0,0,0,0.15); margin: 1px; max-width: 540px; min-width: 326px; padding: 0; width: calc(100% - 2px);\" data-instgrm-captioned=\"\" data-instgrm-permalink=\"https:\/\/www.instagram.com\/reel\/DRZpw64jOFB\/?utm_source=ig_embed&amp;utm_campaign=loading\" data-instgrm-version=\"14\"><\/blockquote>\n<blockquote class=\"instagram-media\" style=\"background: #FFF; border: 0; border-radius: 3px; box-shadow: 0 0 1px 0 rgba(0,0,0,0.5),0 1px 10px 0 rgba(0,0,0,0.15); margin: 1px; max-width: 540px; min-width: 326px; padding: 0; width: calc(100% - 2px);\" data-instgrm-captioned=\"\" data-instgrm-permalink=\"https:\/\/www.instagram.com\/p\/DRaKNjRjOHj\/?utm_source=ig_embed&amp;utm_campaign=loading\" data-instgrm-version=\"14\"><\/blockquote>\n<p>Leia tamb\u00e9m: <a href=\"https:\/\/caras.com.br\/datas-especiais\/ana-paula-siebert-transforma-mansao-provisoria-em-cenario-gigante-de-natal-veja-fotos.phtml\" rel=\"nofollow noopener\" target=\"_blank\">Ana Paula Siebert transforma mans\u00e3o provis\u00f3ria em cen\u00e1rio gigante de Natal; veja fotos<\/a><br \/><a href=\"https:\/\/caras.com.br\/datas-especiais\/ana-paula-siebert-transforma-mansao-provisoria-em-cenario-gigante-de-natal-veja-fotos.phtml\" rel=\"nofollow noopener\" target=\"_blank\">\u00a0<\/a><\/p>\n<p>        <a href=\"https:\/\/caras.com.br\/autor\/izabella-nicolau\" rel=\"nofollow noopener\" target=\"_blank\">&#13;<br \/>\n          <img loading=\"lazy\" decoding=\"async\" alt=\"Izabella Nicolau\" src=\"https:\/\/www.europesays.com\/pt\/wp-content\/uploads\/2025\/10\/1761546134_794_whatsapp_image_2025-08-12_at_15.10.50_1_sqmd.jpeg\" class=\"avatar avatar-115 photo rounded-circle\" height=\"115\" width=\"115\"\/>        <\/a><\/p>\n<p><strong>Izabella Nicolau<\/strong> \u00e9 rep\u00f3rter de conte\u00fado do site CARAS. Formada em jornalismo, j\u00e1 passou por sites como Observat\u00f3rio do Cinema e Ultraverso. Escreve sobre cultura, entretenimento e celebridades.<\/p>\n<p>\t                                            <script async src=\"\/\/www.instagram.com\/embed.js\"><\/script><\/p>\n","protected":false},"excerpt":{"rendered":"Vicky Justus, de 5 anos, teve um encontro com o Papai Noel durante um passeio com Ana Paula&hellip;\n","protected":false},"author":2,"featured_media":167825,"comment_status":"","ping_status":"","sticky":false,"template":"","format":"standard","meta":{"footnotes":""},"categories":[145],"tags":[9681,211,210,114,115,7561,32,33,35265],"class_list":{"0":"post-167824","1":"post","2":"type-post","3":"status-publish","4":"format-standard","5":"has-post-thumbnail","7":"category-celebridades","8":"tag-ana-paula-siebert","9":"tag-celebridades","10":"tag-celebrities","11":"tag-entertainment","12":"tag-entretenimento","13":"tag-natal","14":"tag-portugal","15":"tag-pt","16":"tag-vicky-justus"},"share_on_mastodon":{"url":"https:\/\/pubeurope.com\/@pt\/115625169174135697","error":""},"_links":{"self":[{"href":"https:\/\/www.europesays.com\/pt\/wp-json\/wp\/v2\/posts\/167824","targetHints":{"allow":["GET"]}}],"collection":[{"href":"https:\/\/www.europesays.com\/pt\/wp-json\/wp\/v2\/posts"}],"about":[{"href":"https:\/\/www.europesays.com\/pt\/wp-json\/wp\/v2\/types\/post"}],"author":[{"embeddable":true,"href":"https:\/\/www.europesays.com\/pt\/wp-json\/wp\/v2\/users\/2"}],"replies":[{"embeddable":true,"href":"https:\/\/www.europesays.com\/pt\/wp-json\/wp\/v2\/comments?post=167824"}],"version-history":[{"count":0,"href":"https:\/\/www.europesays.com\/pt\/wp-json\/wp\/v2\/posts\/167824\/revisions"}],"wp:featuredmedia":[{"embeddable":true,"href":"https:\/\/www.europesays.com\/pt\/wp-json\/wp\/v2\/media\/167825"}],"wp:attachment":[{"href":"https:\/\/www.europesays.com\/pt\/wp-json\/wp\/v2\/media?parent=167824"}],"wp:term":[{"taxonomy":"category","embeddable":true,"href":"https:\/\/www.europesays.com\/pt\/wp-json\/wp\/v2\/categories?post=167824"},{"taxonomy":"post_tag","embeddable":true,"href":"https:\/\/www.europesays.com\/pt\/wp-json\/wp\/v2\/tags?post=167824"}],"curies":[{"name":"wp","href":"https:\/\/api.w.org\/{rel}","templated":true}]}}