{"id":167856,"date":"2025-11-28T04:22:23","date_gmt":"2025-11-28T04:22:23","guid":{"rendered":"https:\/\/www.europesays.com\/pt\/167856\/"},"modified":"2025-11-28T04:22:23","modified_gmt":"2025-11-28T04:22:23","slug":"o-professor-de-ingles-ha-convites-duplos-para-a-antestreia-do-filme-com-steve-coogan-e-jonathan-pryce","status":"publish","type":"post","link":"https:\/\/www.europesays.com\/pt\/167856\/","title":{"rendered":"O Professor de Ingl\u00eas | H\u00e1 convites duplos para a antestreia do filme com Steve Coogan e Jonathan Pryce"},"content":{"rendered":"<p style=\"text-align: justify;\">\u201cO Professor de Ingl\u00eas\u201d, com Steve Coogan e Jonathan Pryce, chega \u00e0s salas de cinema nacionais a 18 de dezembro.<\/p>\n<p>Sinopse: Baseado numa comovente hist\u00f3ria ver\u00eddica, O Professor de Ingl\u00eas \u00e9 uma celebra\u00e7\u00e3o do poder da empatia, da amizade e da transforma\u00e7\u00e3o que nasce dos gestos mais simples. O filme mistura humor brit\u00e2nico, emo\u00e7\u00e3o e uma mensagem profundamente humana, recordando-nos que, por vezes, os maiores mestres surgem nas formas mais inesperadas\u2026 at\u00e9 mesmo num pinguim.<\/p>\n<p>Em 1976, Jonathan Layrton, um professor brit\u00e2nico de meia-idade e um tanto desiludido com a vida, parte rumo a Buenos Aires em busca de uma nova oportunidade de ensino numa escola tradicional argentina de rapazes inflex\u00edveis. O que come\u00e7a como uma tentativa de recome\u00e7o profissional depressa transforma-se numa jornada de descoberta pessoal.<\/p>\n<p><a data-no-instant=\"1\" href=\"https:\/\/www.imacustica.pt\/pt\/procurar\/?p=1&amp;q=phantom&amp;familias=0&amp;marcas=0&amp;order_by=1&amp;p=1&amp;utm_source=mhd&amp;utm_medium=banner&amp;utm_campaign=phantom&amp;utm_id=phantom_mhd_2025&amp;utm_content=billboard_970x250\" class=\"adv-link\" aria-label=\"Phantom 300X600 off-page\" rel=\"nofollow noopener\" target=\"_blank\"><img loading=\"lazy\" decoding=\"async\" src=\"data:image\/svg+xml,%3Csvg%20xmlns=\" http:=\"\" alt=\"\" data-lazy- data-lazy- width=\"970\" height=\"250\" style=\" max-width: 100%; height: auto;\" data-lazy-src=\"https:\/\/www.europesays.com\/pt\/wp-content\/uploads\/2025\/11\/phantom-300x600-off-page.jpg\"\/><\/a><\/p>\n<p>Num fim de semana pela praia, Jonathan encontra um pequeno pinguim coberto de petr\u00f3leo e \u00e0 beira da morte. Contra todas as probabilidades \u2014 e o bom senso \u2014, decide lev\u00e1-lo consigo, limp\u00e1-lo e tentar salv\u00e1-lo. Batizado carinhosamente de Juan Salvador, o pinguim n\u00e3o s\u00f3 sobrevive como se recusa a partir, tornando-se um h\u00f3spede improv\u00e1vel na casa do professor e, mais tarde, uma presen\u00e7a transformadora na escola.<\/p>\n<p>\u00c0 medida que Jonathan luta para adaptar-se a um pa\u00eds em plena tens\u00e3o pol\u00edtica e social, descobre que o pequeno pinguim \u00e9, de certa forma, o seu guia \u2014 um s\u00edmbolo de esperan\u00e7a, inoc\u00eancia e resili\u00eancia. Entre li\u00e7\u00f5es dadas e aprendidas, O Professor de Ingl\u00eas (The Penguin Lessons) acompanha o crescimento de uma amizade improv\u00e1vel que ensina a todos \u2014 alunos, colegas e ao pr\u00f3prio Jonathan \u2014 que a compaix\u00e3o e a coragem podem mudar o mundo, mesmo quando este parece mergulhado no caos.<\/p>\n<p>Realizado por Peter Cattaneo, o elenco do filme junta <a href=\"https:\/\/www.magazine-hd.com\/apps\/wp\/o-rei-perdido-trailer-sally-hawkins\/\" target=\"_blank\" rel=\"noopener nofollow\">Steve Coogan<\/a> (<a href=\"https:\/\/www.magazine-hd.com\/apps\/wp\/filomena-em-analise\/\" target=\"_blank\" rel=\"noopener nofollow\">Filomena<\/a>), Jonathan Pryce (<a href=\"https:\/\/www.magazine-hd.com\/apps\/wp\/jonathan-pryce-game-of-thrones-the-crown\/\" target=\"_blank\" rel=\"noopener nofollow\">The Two Popes<\/a>) e Alfonsina Carrocio, bem como Micaela Breque, Vivian El Jaber e Bj\u00f6rn Gustafsson.<\/p>\n<p><img loading=\"lazy\" decoding=\"async\" class=\"wp-image-745241 aligncenter\" src=\"data:image\/svg+xml,%3Csvg%20xmlns=\" http:=\"\" alt=\"O Professor de Ingl\u00eas\" width=\"500\" height=\"720\" data-lazy- data-lazy- data-lazy-src=\"https:\/\/www.europesays.com\/pt\/wp-content\/uploads\/2025\/11\/o-professor-de-ingles-poster.webp.webp\"\/><\/p>\n<p><a class=\"gcc-anchor\" id=\"1\"\/><br \/>\nO Professor de Ingl\u00eas | Passatempo MHD<\/p>\n<p style=\"text-align: justify;\">A Magazine.HD, em parceria com a <a href=\"https:\/\/www.pris.pt\/filme\/tudo-acontece-em-paris\/\" target=\"_blank\" rel=\"noopener nofollow\">PRIS Audiovisuais<\/a>, tem para oferecer convites duplos para a antestreia do filme <b>\u201cO Professor de Ingl\u00eas<\/b><b>\u201c<\/b>, no dia 16 de dezembro (ter\u00e7a-feira), pelas 21h30. Para te habilitares a um destes pr\u00e9mios basta fazer <strong>Follow no Instagram da\u00a0<a href=\"https:\/\/www.instagram.com\/magazine.hd\/\" rel=\"nofollow noopener\" target=\"_blank\">Magazine.HD<\/a>\u00a0<\/strong>e da\u00a0<a href=\"https:\/\/www.instagram.com\/prisfilmes\/\" target=\"_blank\" rel=\"noopener nofollow\"><strong>PRIS Audiovisuais<\/strong><\/a><strong>,<\/strong>\u00a0e\u00a0preencher os dados requeridos no\u00a0<a href=\"https:\/\/www.magazine-hd.com\/apps\/wp\/professor-de-ingles-convites-antestreia-filme-steve-coogan\/\" target=\"_blank\" rel=\"noopener noreferrer nofollow\"><strong>Formul\u00e1rio de Participa\u00e7\u00e3o<\/strong><\/a>\u00a0at\u00e9\u00a0<strong>15 de dezembro<\/strong>.<\/p>\n<ul>\n<li style=\"list-style-type: none;\">\n<ul>\n<li><strong>Lisboa \u2013 Cinemas UCI El Corte Ingl\u00e9s <\/strong>\u2013 10 convites duplos<\/li>\n<li><b>Porto \u2013 Cinemas UCI Arr\u00e1bida Shopping <\/b>\u2013 10 convites duplos<\/li>\n<\/ul>\n<\/li>\n<\/ul>\n<p><strong>Formul\u00e1rio<\/strong><strong>:<\/strong><\/p>\n<p style=\"text-align: center;\"><strong>Importante:<\/strong><\/p>\n<ul style=\"text-align: center;\">\n<li style=\"text-align: justify;\">Para a atribui\u00e7\u00e3o de qualquer pr\u00e9mio, designadamente convites, dvds, blu-rays, cds, jogos ou livros, ser\u00e3o apenas consideradas participa\u00e7\u00f5es v\u00e1lidas, aquelas que incluam os dados pessoais solicitados, al\u00e9m da indica\u00e7\u00e3o das respostas certas.<\/li>\n<li style=\"text-align: justify;\">O evento \u00e9 privado, sendo que a admiss\u00e3o pode ser vetada pelos respons\u00e1veis do evento, a qualquer momento do evento.<\/li>\n<li style=\"text-align: justify;\">S\u00f3 \u00e9 v\u00e1lida uma participa\u00e7\u00e3o por pessoa. As participa\u00e7\u00f5es repetidas (com o mesmo e-mail ou cart\u00e3o do cidad\u00e3o) ser\u00e3o ANULADAS.\u00a0No caso do passatempo incluir mais do que um pr\u00e9mio, o leitor pode ter uma participa\u00e7\u00e3o por pr\u00e9mio. Por exemplo, havendo antestreia do filme em Lisboa e no Porto, o leitor pode participar uma vez para Lisboa, e uma vez para o Porto. Contudo, \u00e9 necess\u00e1rio ter em aten\u00e7\u00e3o que o participante n\u00e3o ser\u00e1 vencedor de mais do que um pr\u00e9mio. Por exemplo, se ele receber o bilhete duplo para a antestreia no Porto, ele n\u00e3o poder\u00e1 ir \u00e0 antestreia de Lisboa, e vice-versa.<\/li>\n<li style=\"text-align: justify;\">No local de levantamento do convite, pode ser pedido pelo Cinema exibidor, identifica\u00e7\u00e3o via documento adequado designadamente cart\u00e3o de cidad\u00e3o. S\u00f3 s\u00e3o consideradas participa\u00e7\u00f5es com nome completo.<\/li>\n<li style=\"text-align: justify;\">Os convites s\u00e3o pessoais e intransmiss\u00edveis, sendo que s\u00f3 podem ser levantados pelos pr\u00f3prios vencedores mediante a apresenta\u00e7\u00e3o de um documento de identifica\u00e7\u00e3o dentro do prazo de validade. N\u00e3o existe op\u00e7\u00e3o de fornecer \u201cautoriza\u00e7\u00f5es\u201d para levantamento.<\/li>\n<li style=\"text-align: justify;\">As desist\u00eancias de \u00faltima hora \u00e0s antestreias ser\u00e3o penalizadas. Apenas deve concorrer quem sabe ir poder usufruir, pois o contr\u00e1rio prejudica o Distribuidor Sponsor do passatempo, o Cinema exibidor, a MHD e os restantes participantes que poderiam ter usufru\u00eddo desse pr\u00e9mio.<\/li>\n<li style=\"text-align: justify;\">Salvo indica\u00e7\u00e3o expressa em contr\u00e1rio, os portes de envio n\u00e3o est\u00e3o inclu\u00eddos.<\/li>\n<li style=\"text-align: justify;\">A participa\u00e7\u00e3o neste passatempo pressup\u00f5e que o seu titular aceita lhe seja enviada a nossa Newsletter informativa e de aviso sobre outros passatempos.<\/li>\n<\/ul>\n<p>\n        About The Author<\/p>\n<p>                <a href=\"https:\/\/www.magazine-hd.com\/apps\/wp\/author\/jfernandes\/\" rel=\"nofollow noopener\" target=\"_blank\"><img loading=\"lazy\" decoding=\"async\" width=\"150\" height=\"150\" src=\"data:image\/svg+xml,%3Csvg%20xmlns=\" http:=\"\" class=\"avatar avatar-150 photo\" alt=\"\" data-lazy- data-lazy- data-lazy-src=\"https:\/\/www.europesays.com\/pt\/wp-content\/uploads\/2025\/08\/JFavatar-0-00-00-02-150x150.jpg\"\/><\/a><\/p>\n<p>                    <a href=\"https:\/\/www.magazine-hd.com\/apps\/wp\/author\/jfernandes\/\" rel=\"nofollow noopener\" target=\"_blank\">Jo\u00e3o Fernandes<\/a><\/p>\n<p>Licenciado em Cinema pela Universidade da Beira-Interior, onde produziu as curtas-metragens \u201cEntre-Portas\u201d, \u201cThe Girl and the Meadow\u201d, e \u201cMaking Art\u201d. Foi produtor de conte\u00fado audiovisual para o Club Otaku. Fez a sua estreia na MHD em 2017, sendo atualmente redator de conte\u00fado, coordenador de Gaming, Qualidade e Parcerias. Possui uma aprecia\u00e7\u00e3o especial por banda desenhada, fotografia e videojogos.<\/p>\n<p>\t\t<script async src=\"\/\/www.instagram.com\/embed.js\"><\/script><\/p>\n","protected":false},"excerpt":{"rendered":"\u201cO Professor de Ingl\u00eas\u201d, com Steve Coogan e Jonathan Pryce, chega \u00e0s salas de cinema nacionais a 18&hellip;\n","protected":false},"author":2,"featured_media":167857,"comment_status":"","ping_status":"","sticky":false,"template":"","format":"standard","meta":{"footnotes":""},"categories":[140],"tags":[35270,114,115,147,148,35271,35272,146,35273,32,18621,33,35274,35275],"class_list":{"0":"post-167856","1":"post","2":"type-post","3":"status-publish","4":"format-standard","5":"has-post-thumbnail","7":"category-filmes","8":"tag-alfonsina-carrocio","9":"tag-entertainment","10":"tag-entretenimento","11":"tag-film","12":"tag-filmes","13":"tag-jonathan-pryce","14":"tag-micaela-breque","15":"tag-movies","16":"tag-o-professor-de-ingles","17":"tag-portugal","18":"tag-pris-audiovisuais","19":"tag-pt","20":"tag-steve-coogan","21":"tag-vivian-el-jaber"},"share_on_mastodon":{"url":"https:\/\/pubeurope.com\/@pt\/115625416689939522","error":""},"_links":{"self":[{"href":"https:\/\/www.europesays.com\/pt\/wp-json\/wp\/v2\/posts\/167856","targetHints":{"allow":["GET"]}}],"collection":[{"href":"https:\/\/www.europesays.com\/pt\/wp-json\/wp\/v2\/posts"}],"about":[{"href":"https:\/\/www.europesays.com\/pt\/wp-json\/wp\/v2\/types\/post"}],"author":[{"embeddable":true,"href":"https:\/\/www.europesays.com\/pt\/wp-json\/wp\/v2\/users\/2"}],"replies":[{"embeddable":true,"href":"https:\/\/www.europesays.com\/pt\/wp-json\/wp\/v2\/comments?post=167856"}],"version-history":[{"count":0,"href":"https:\/\/www.europesays.com\/pt\/wp-json\/wp\/v2\/posts\/167856\/revisions"}],"wp:featuredmedia":[{"embeddable":true,"href":"https:\/\/www.europesays.com\/pt\/wp-json\/wp\/v2\/media\/167857"}],"wp:attachment":[{"href":"https:\/\/www.europesays.com\/pt\/wp-json\/wp\/v2\/media?parent=167856"}],"wp:term":[{"taxonomy":"category","embeddable":true,"href":"https:\/\/www.europesays.com\/pt\/wp-json\/wp\/v2\/categories?post=167856"},{"taxonomy":"post_tag","embeddable":true,"href":"https:\/\/www.europesays.com\/pt\/wp-json\/wp\/v2\/tags?post=167856"}],"curies":[{"name":"wp","href":"https:\/\/api.w.org\/{rel}","templated":true}]}}