{"id":167881,"date":"2025-11-28T05:14:10","date_gmt":"2025-11-28T05:14:10","guid":{"rendered":"https:\/\/www.europesays.com\/pt\/167881\/"},"modified":"2025-11-28T05:14:10","modified_gmt":"2025-11-28T05:14:10","slug":"ivete-sangalo-e-daniel-cady-relembre-a-linha-do-tempo-do-relacionamento-de-17-anos","status":"publish","type":"post","link":"https:\/\/www.europesays.com\/pt\/167881\/","title":{"rendered":"Ivete Sangalo e Daniel Cady: relembre a linha do tempo do relacionamento de 17 anos"},"content":{"rendered":"<p><a href=\"https:\/\/caras.com.br\/tags\/ivete-sangalo\" rel=\"nofollow noopener\" target=\"_blank\"><strong>Ivete Sangalo<\/strong><\/a> e <a href=\"https:\/\/caras.com.br\/tags\/daniel-cady\" rel=\"nofollow noopener\" target=\"_blank\"><strong>Daniel Cady<\/strong><\/a> movimentaram as redes na noite desta quinta-feira, 27, ao confirmarem o fim de seu casamento. O casal, que estava junto havia 17 anos, tornou-se um dos nomes mais conhecidos quando o assunto \u00e9 longevidade entre figuras p\u00fablicas no Brasil.<\/p>\n<p>\t Como come\u00e7ou a rela\u00e7\u00e3o de Ivete Sangalo e Daniel Cady <\/p>\n<p>Ivete conheceu Daniel em 2008, quando buscava acompanhamento nutricional durante a prepara\u00e7\u00e3o para o Carnaval. O v\u00ednculo profissional logo deu lugar ao namoro, e meses depois eles j\u00e1 formavam uma rela\u00e7\u00e3o est\u00e1vel. Em 2009, anunciaram a primeira gravidez, e o filho mais velho, <strong>Marcelo,<\/strong> nasceu em outubro daquele ano.<\/p>\n<p>O casamento civil veio dois anos depois, em 12 de maio de 2011, em uma cerim\u00f4nia \u00edntima realizada no apartamento da cantora, no bairro de Campo Grande, em Salvador. O evento reuniu poucos convidados e foi conduzido pelo juiz Alberto Raimundo Gomes. Antes da cerim\u00f4nia, o edital de proclamas foi publicado no Di\u00e1rio Oficial da cidade, confirmando a oficializa\u00e7\u00e3o da uni\u00e3o.<\/p>\n<p>Com a assinatura formal do casamento, Ivete passou a adotar o sobrenome do marido, tornando-se Ivete Maria Dias de Sangalo Cady.<\/p>\n<p>\t A fam\u00edlia cresceu <\/p>\n<p>Ao longo dos anos seguintes, a fam\u00edlia cresceu. Em fevereiro de 2018, nasceram as g\u00eameas <strong>Marina<\/strong> e <strong>Helena,<\/strong> tamb\u00e9m em Salvador. A chegada das meninas consolidou ainda mais a fam\u00edlia, sempre marcada por apari\u00e7\u00f5es discretas e participa\u00e7\u00f5es pontuais de Daniel em eventos ligados ao trabalho de Ivete.<\/p>\n<p>Enquanto a cantora mantinha uma intensa agenda de shows e projetos, Daniel seguia na carreira de nutricionista e, posteriormente, ampliou suas atividades profissionais. O casal apareceu junto em datas comemorativas e momentos especiais, mantendo uma rela\u00e7\u00e3o p\u00fablica equilibrada e sem grandes exposi\u00e7\u00f5es.<\/p>\n<p> Rumores e o an\u00fancio do fim do casamento de Ivete Sangalo e Daniel Cady <\/p>\n<p>Ao longo dos anos, surgiram rumores sobre poss\u00edveis crises na rela\u00e7\u00e3o, especialmente durante per\u00edodos de maior reclus\u00e3o. Daniel chegou a comentar publicamente sobre especula\u00e7\u00f5es que considerava infundadas, refor\u00e7ando na \u00e9poca que trabalhavam para preservar a conviv\u00eancia familiar.<\/p>\n<p>A confirma\u00e7\u00e3o da separa\u00e7\u00e3o, feita em comunicado conjunto, marcou o encerramento de 17 anos desde o in\u00edcio do relacionamento e 14 anos de casamento formal. No texto, Ivete e Daniel destacaram o respeito m\u00fatuo, o cuidado com os filhos e o desejo de manter a privacidade nesse novo momento.<\/p>\n<blockquote class=\"instagram-media\" style=\"background: #FFF; border: 0; border-radius: 3px; box-shadow: 0 0 1px 0 rgba(0,0,0,0.5),0 1px 10px 0 rgba(0,0,0,0.15); margin: 1px; max-width: 540px; min-width: 326px; padding: 0; width: calc(100% - 2px);\" data-instgrm-captioned=\"\" data-instgrm-permalink=\"https:\/\/www.instagram.com\/p\/DRk53F0kR4A\/?utm_source=ig_embed&amp;utm_campaign=loading\" data-instgrm-version=\"14\"><\/blockquote>\n<p>Leia tamb\u00e9m: <a href=\"https:\/\/caras.com.br\/atualidades\/ivete-sangalo-ja-dava-sinais-do-fim-do-casamento-nos-bastidores.phtml\" rel=\"nofollow noopener\" target=\"_blank\">Ivete Sangalo j\u00e1 dava sinais do fim do casamento nos bastidores<\/a><\/p>\n<p>        <a href=\"https:\/\/caras.com.br\/autor\/izabella-nicolau\" rel=\"nofollow noopener\" target=\"_blank\">&#13;<br \/>\n          <img loading=\"lazy\" decoding=\"async\" alt=\"Izabella Nicolau\" src=\"https:\/\/www.europesays.com\/pt\/wp-content\/uploads\/2025\/10\/1761546134_794_whatsapp_image_2025-08-12_at_15.10.50_1_sqmd.jpeg\" class=\"avatar avatar-115 photo rounded-circle\" height=\"115\" width=\"115\"\/>        <\/a><\/p>\n<p><strong>Izabella Nicolau<\/strong> \u00e9 rep\u00f3rter de conte\u00fado do site CARAS. Formada em jornalismo, j\u00e1 passou por sites como Observat\u00f3rio do Cinema e Ultraverso. Escreve sobre cultura, entretenimento e celebridades.<\/p>\n<ul class=\"terms-list post_tag list-inline\">\n<li class=\"daniel-cady list-inline-item\">\n\t\t\t\t\t<a href=\"https:\/\/caras.com.br\/tags\/daniel-cady\" class=\"item-category\" rel=\"nofollow noopener\" target=\"_blank\">Daniel Cady<\/a>\n\t\t\t\t<\/li>\n<li class=\"ivete-sangalo list-inline-item\">\n\t\t\t\t\t<a href=\"https:\/\/caras.com.br\/tags\/ivete-sangalo\" class=\"item-category\" rel=\"nofollow noopener\" target=\"_blank\">Ivete Sangalo<\/a>\n\t\t\t\t<\/li>\n<\/ul>\n<p>\t                                            <script async src=\"\/\/www.instagram.com\/embed.js\"><\/script><\/p>\n","protected":false},"excerpt":{"rendered":"Ivete Sangalo e Daniel Cady movimentaram as redes na noite desta quinta-feira, 27, ao confirmarem o fim de&hellip;\n","protected":false},"author":2,"featured_media":167882,"comment_status":"","ping_status":"","sticky":false,"template":"","format":"standard","meta":{"footnotes":""},"categories":[145],"tags":[211,210,35277,114,115,9290,32,33],"class_list":{"0":"post-167881","1":"post","2":"type-post","3":"status-publish","4":"format-standard","5":"has-post-thumbnail","7":"category-celebridades","8":"tag-celebridades","9":"tag-celebrities","10":"tag-daniel-cady","11":"tag-entertainment","12":"tag-entretenimento","13":"tag-ivete-sangalo","14":"tag-portugal","15":"tag-pt"},"share_on_mastodon":{"url":"https:\/\/pubeurope.com\/@pt\/115625621366744433","error":""},"_links":{"self":[{"href":"https:\/\/www.europesays.com\/pt\/wp-json\/wp\/v2\/posts\/167881","targetHints":{"allow":["GET"]}}],"collection":[{"href":"https:\/\/www.europesays.com\/pt\/wp-json\/wp\/v2\/posts"}],"about":[{"href":"https:\/\/www.europesays.com\/pt\/wp-json\/wp\/v2\/types\/post"}],"author":[{"embeddable":true,"href":"https:\/\/www.europesays.com\/pt\/wp-json\/wp\/v2\/users\/2"}],"replies":[{"embeddable":true,"href":"https:\/\/www.europesays.com\/pt\/wp-json\/wp\/v2\/comments?post=167881"}],"version-history":[{"count":0,"href":"https:\/\/www.europesays.com\/pt\/wp-json\/wp\/v2\/posts\/167881\/revisions"}],"wp:featuredmedia":[{"embeddable":true,"href":"https:\/\/www.europesays.com\/pt\/wp-json\/wp\/v2\/media\/167882"}],"wp:attachment":[{"href":"https:\/\/www.europesays.com\/pt\/wp-json\/wp\/v2\/media?parent=167881"}],"wp:term":[{"taxonomy":"category","embeddable":true,"href":"https:\/\/www.europesays.com\/pt\/wp-json\/wp\/v2\/categories?post=167881"},{"taxonomy":"post_tag","embeddable":true,"href":"https:\/\/www.europesays.com\/pt\/wp-json\/wp\/v2\/tags?post=167881"}],"curies":[{"name":"wp","href":"https:\/\/api.w.org\/{rel}","templated":true}]}}