{"id":167893,"date":"2025-11-28T05:53:13","date_gmt":"2025-11-28T05:53:13","guid":{"rendered":"https:\/\/www.europesays.com\/pt\/167893\/"},"modified":"2025-11-28T05:53:13","modified_gmt":"2025-11-28T05:53:13","slug":"cristiano-ronaldo-oferece-luxuoso-presente-a-selecao-nacional-e-diogo-jota-nao-foi-esquecido","status":"publish","type":"post","link":"https:\/\/www.europesays.com\/pt\/167893\/","title":{"rendered":"Cristiano Ronaldo oferece luxuoso presente \u00e0 Sele\u00e7\u00e3o Nacional&#8230; e Diogo Jota n\u00e3o foi esquecido!"},"content":{"rendered":"<p>Cristiano Ronaldo decidiu, de acordo com a SIC Not\u00edcias, presentear os colegas da Sele\u00e7\u00e3o Nacional pela conquista da Liga das Na\u00e7\u00f5es deste ano.<\/p>\n<p>O capit\u00e3o encomendou 35 luxuosos e exclusivos rel\u00f3gios a Jacob Arabo, o fundador da Jacob&amp;Co, marca com a qual tem trabalhado em parceria nos \u00faltimos anos.<\/p>\n<p>Foi ainda avan\u00e7ado pela referida esta\u00e7\u00e3o que um dos exemplares foi entregue \u00e0 fam\u00edlia de <a href=\"https:\/\/selfie.iol.pt\/famosos\/rute-cardoso\/rute-cardoso-viuva-de-diogo-jota-celebra-1-aniversario-da-filha-veja-como-esta-a-bebe\/20251126\/692718e6d34e3caad84bbbce\" target=\"_blank\" rel=\"nofollow noopener\">Diogo Jota<\/a>, futebolista que integrou o plantel que venceu a competi\u00e7\u00e3o e que, tragicamente, morreu pouco tempo depois, num acidente de via\u00e7\u00e3o.<\/p>\n<p>Veja, agora, o rel\u00f3gio.<\/p>\n<blockquote class=\"instagram-media\" data-instgrm-captioned=\"\" data-instgrm-permalink=\"https:\/\/www.instagram.com\/p\/DRPaJomDevD\/?utm_source=ig_embed&amp;utm_campaign=loading\" data-instgrm-version=\"14\" style=\" background:#FFF; border:0; border-radius:3px; box-shadow:0 0 1px 0 rgba(0,0,0,0.5),0 1px 10px 0 rgba(0,0,0,0.15); margin: 1px; max-width:540px; min-width:326px; padding:0; width:99.375%; width:-webkit-calc(100% - 2px); width:calc(100% - 2px);\">\n<\/blockquote>\n<p>\u00a0<\/p>\n<blockquote class=\"instagram-media\" data-instgrm-captioned=\"\" data-instgrm-permalink=\"https:\/\/www.instagram.com\/reel\/DRP44-JE6Ke\/?utm_source=ig_embed&amp;utm_campaign=loading\" data-instgrm-version=\"14\" style=\" background:#FFF; border:0; border-radius:3px; box-shadow:0 0 1px 0 rgba(0,0,0,0.5),0 1px 10px 0 rgba(0,0,0,0.15); margin: 1px; max-width:540px; min-width:326px; padding:0; width:99.375%; width:-webkit-calc(100% - 2px); width:calc(100% - 2px);\">\n<\/blockquote>\n<p>\u00a0<\/p>\n<p>                        <script async src=\"\/\/www.instagram.com\/embed.js\"><\/script><\/p>\n","protected":false},"excerpt":{"rendered":"Cristiano Ronaldo decidiu, de acordo com a SIC Not\u00edcias, presentear os colegas da Sele\u00e7\u00e3o Nacional pela conquista da&hellip;\n","protected":false},"author":2,"featured_media":167894,"comment_status":"","ping_status":"","sticky":false,"template":"","format":"standard","meta":{"footnotes":""},"categories":[87],"tags":[668,667,135,1691,980,35278,619,32,16419,33,11351,5420,1012,134],"class_list":{"0":"post-167893","1":"post","2":"type-post","3":"status-publish","4":"format-standard","5":"has-post-thumbnail","7":"category-desporto","8":"tag-cr7","9":"tag-cristiano-ronaldo","10":"tag-desporto","11":"tag-diogo-jota","12":"tag-famosos","13":"tag-jacob-co","14":"tag-nacional","15":"tag-portugal","16":"tag-presente","17":"tag-pt","18":"tag-relogio","19":"tag-selecao-nacional","20":"tag-selfie","21":"tag-sports"},"share_on_mastodon":{"url":"https:\/\/pubeurope.com\/@pt\/115625774479925253","error":""},"_links":{"self":[{"href":"https:\/\/www.europesays.com\/pt\/wp-json\/wp\/v2\/posts\/167893","targetHints":{"allow":["GET"]}}],"collection":[{"href":"https:\/\/www.europesays.com\/pt\/wp-json\/wp\/v2\/posts"}],"about":[{"href":"https:\/\/www.europesays.com\/pt\/wp-json\/wp\/v2\/types\/post"}],"author":[{"embeddable":true,"href":"https:\/\/www.europesays.com\/pt\/wp-json\/wp\/v2\/users\/2"}],"replies":[{"embeddable":true,"href":"https:\/\/www.europesays.com\/pt\/wp-json\/wp\/v2\/comments?post=167893"}],"version-history":[{"count":0,"href":"https:\/\/www.europesays.com\/pt\/wp-json\/wp\/v2\/posts\/167893\/revisions"}],"wp:featuredmedia":[{"embeddable":true,"href":"https:\/\/www.europesays.com\/pt\/wp-json\/wp\/v2\/media\/167894"}],"wp:attachment":[{"href":"https:\/\/www.europesays.com\/pt\/wp-json\/wp\/v2\/media?parent=167893"}],"wp:term":[{"taxonomy":"category","embeddable":true,"href":"https:\/\/www.europesays.com\/pt\/wp-json\/wp\/v2\/categories?post=167893"},{"taxonomy":"post_tag","embeddable":true,"href":"https:\/\/www.europesays.com\/pt\/wp-json\/wp\/v2\/tags?post=167893"}],"curies":[{"name":"wp","href":"https:\/\/api.w.org\/{rel}","templated":true}]}}