{"id":167949,"date":"2025-11-28T08:20:42","date_gmt":"2025-11-28T08:20:42","guid":{"rendered":"https:\/\/www.europesays.com\/pt\/167949\/"},"modified":"2025-11-28T08:20:42","modified_gmt":"2025-11-28T08:20:42","slug":"adiado-julgamento-para-decidir-se-ventura-retira-cartazes-observador","status":"publish","type":"post","link":"https:\/\/www.europesays.com\/pt\/167949\/","title":{"rendered":"Adiado julgamento para decidir se Ventura retira cartazes \u2013 Observador"},"content":{"rendered":"<p>O julgamento para decidir se Andr\u00e9 Ventura ser\u00e1 obrigado a retirar os cartazes que fazem refer\u00eancia \u00e0 comunidade cigana foi\u00a0adiado, a pedido do l\u00edder do Chega, por causa da vota\u00e7\u00e3o do Or\u00e7amento do Estado.<\/p>\n<p>A sess\u00e3o estava marcada para o dia 27 de novembro, quinta-feira, mas Andr\u00e9 Ventura pediu esta semana o adiamento, uma vez que decorre no Parlamento a vota\u00e7\u00e3o do Or\u00e7amento do Estado para 2026.<\/p>\n<p>O\u00a0tribunal\u00a0considerou, de acordo com o despacho a que a Lusa teve acesso, que o l\u00edder do Chega vai estar \u201cimpedido no exerc\u00edcio das suas fun\u00e7\u00f5es de deputado da Assembleia da Rep\u00fablica\u201d.<\/p>\n<p>O\u00a0tribunal\u00a0deu na ter\u00e7a-feira um prazo de 24 horas a Andr\u00e9 Ventura para juntar a procura\u00e7\u00e3o que justifica a sua aus\u00eancia da sess\u00e3o marcada para o dia 27 de novembro e o l\u00edder do Chega entregou entretanto o documento.<\/p>\n<p>A data da primeira sess\u00e3o ainda n\u00e3o est\u00e1 decidida, tendo o\u00a0tribunal\u00a0pedido aos advogados que indiquem se est\u00e3o dispon\u00edveis nos dias 16 e 18 de dezembro.<\/p>\n<p>A a\u00e7\u00e3o em causa, entregue no in\u00edcio deste m\u00eas, foi escrita pelo advogado Ricardo S\u00e1 Fernandes e pretende tamb\u00e9m que Andr\u00e9 Ventura seja obrigado a pagar uma multa de cinco mil euros por cada dia de atraso ou por cartazes que venham a ser colocados e que tenham semelhante conte\u00fado.<\/p>\n<p>Nos cartazes que foram colocados pelo Chega em v\u00e1rios locais, incluindo na Moita, Montijo e Palmela, l\u00ea-se a seguinte frase, que est\u00e1 acompanhada pela fotografia de Andr\u00e9 Ventura, na qualidade de candidato a Presidente da Rep\u00fablica: \u201cOs ciganos t\u00eam de cumprir a lei\u201d.<\/p>\n<p>Para os autores da a\u00e7\u00e3o, os cartazes \u201cpassam a mensagem de que os ciganos n\u00e3o cumprem a lei\u201d, o que \u201cestigmatiza e humilha o povo cigano no seu todo\u201d.<\/p>\n<p>A mensagem que consta nos cartazes \u201cofende a integridade moral e o direito \u00e0 dignidade\u201d dos visados, consideraram ainda os autores da a\u00e7\u00e3o, que acrescentaram que \u201cAndr\u00e9 Ventura n\u00e3o se pode refugiar na liberdade de express\u00e3o\u201d.<\/p>\n<p>Not\u00edcia corrigida com a informa\u00e7\u00e3o de que o julgamento foi adiado<\/p>\n","protected":false},"excerpt":{"rendered":"O julgamento para decidir se Andr\u00e9 Ventura ser\u00e1 obrigado a retirar os cartazes que fazem refer\u00eancia \u00e0 comunidade&hellip;\n","protected":false},"author":2,"featured_media":167950,"comment_status":"","ping_status":"","sticky":false,"template":"","format":"standard","meta":{"footnotes":""},"categories":[10],"tags":[3368,27,28,15,16,14,300,25,26,21,22,12,13,19,20,3369,302,32,23,24,33,17,18,299,29,30,31],"class_list":{"0":"post-167949","1":"post","2":"type-post","3":"status-publish","4":"format-standard","5":"has-post-thumbnail","7":"category-portugal","8":"tag-andru00e9-ventura","9":"tag-breaking-news","10":"tag-breakingnews","11":"tag-featured-news","12":"tag-featurednews","13":"tag-headlines","14":"tag-justiu00e7a","15":"tag-latest-news","16":"tag-latestnews","17":"tag-main-news","18":"tag-mainnews","19":"tag-news","20":"tag-noticias","21":"tag-noticias-principais","22":"tag-noticiasprincipais","23":"tag-partido-chega","24":"tag-polu00edtica","25":"tag-portugal","26":"tag-principais-noticias","27":"tag-principaisnoticias","28":"tag-pt","29":"tag-top-stories","30":"tag-topstories","31":"tag-tribunal","32":"tag-ultimas","33":"tag-ultimas-noticias","34":"tag-ultimasnoticias"},"share_on_mastodon":{"url":"https:\/\/pubeurope.com\/@pt\/115626352501560929","error":""},"_links":{"self":[{"href":"https:\/\/www.europesays.com\/pt\/wp-json\/wp\/v2\/posts\/167949","targetHints":{"allow":["GET"]}}],"collection":[{"href":"https:\/\/www.europesays.com\/pt\/wp-json\/wp\/v2\/posts"}],"about":[{"href":"https:\/\/www.europesays.com\/pt\/wp-json\/wp\/v2\/types\/post"}],"author":[{"embeddable":true,"href":"https:\/\/www.europesays.com\/pt\/wp-json\/wp\/v2\/users\/2"}],"replies":[{"embeddable":true,"href":"https:\/\/www.europesays.com\/pt\/wp-json\/wp\/v2\/comments?post=167949"}],"version-history":[{"count":0,"href":"https:\/\/www.europesays.com\/pt\/wp-json\/wp\/v2\/posts\/167949\/revisions"}],"wp:featuredmedia":[{"embeddable":true,"href":"https:\/\/www.europesays.com\/pt\/wp-json\/wp\/v2\/media\/167950"}],"wp:attachment":[{"href":"https:\/\/www.europesays.com\/pt\/wp-json\/wp\/v2\/media?parent=167949"}],"wp:term":[{"taxonomy":"category","embeddable":true,"href":"https:\/\/www.europesays.com\/pt\/wp-json\/wp\/v2\/categories?post=167949"},{"taxonomy":"post_tag","embeddable":true,"href":"https:\/\/www.europesays.com\/pt\/wp-json\/wp\/v2\/tags?post=167949"}],"curies":[{"name":"wp","href":"https:\/\/api.w.org\/{rel}","templated":true}]}}