{"id":167955,"date":"2025-11-28T08:31:10","date_gmt":"2025-11-28T08:31:10","guid":{"rendered":"https:\/\/www.europesays.com\/pt\/167955\/"},"modified":"2025-11-28T08:31:10","modified_gmt":"2025-11-28T08:31:10","slug":"black-friday-tech-veja-os-devices-premium-mais-desejados-no-brasil","status":"publish","type":"post","link":"https:\/\/www.europesays.com\/pt\/167955\/","title":{"rendered":"Black Friday Tech Veja os Devices Premium Mais Desejados no Brasil"},"content":{"rendered":"<p>\t\t\t\t\t\t\t&#13;<br \/>\n\t\t<img width=\"678\" height=\"452\" src=\"https:\/\/www.europesays.com\/pt\/wp-content\/uploads\/2025\/11\/16Pro-768x512.jpg\" class=\"attachment-medium_large size-medium_large wp-post-image\" alt=\"\" decoding=\"async\" fetchpriority=\"high\"\/>\t\t&#13;<br \/>\n\t\t\t&#13;<\/p>\n<p>Acessibilidade<\/p>\n<p>&#13;<br \/>\n\t\t\tL&#13;<br \/>\n\t\t\tL&#13;<br \/>\n\t\t\tA-&#13;<br \/>\n\t\t\tA+&#13;<br \/>\n\t\t\t&#13;<br \/>\n\t\t\t\u25d0&#13;<br \/>\n\t\t\t&#13;\n\t\t<\/p>\n<p data-start=\"197\" data-end=\"874\">Com a <strong>Black Friday<\/strong> no Brasil, cresce a corrida por produtos de tecnologia premium: smartphones topo de linha, notebooks potentes, televisores OLED e acess\u00f3rios de \u00e1udio e v\u00eddeo sofisticados. O<strong> iPhone 16 Pro<\/strong>, por exemplo, figura entre os itens mais desejados, a vers\u00e3o de 128 GB aparece em promo\u00e7\u00f5es pr\u00f3ximas de R$ 6.997, enquanto modelos com armazenamento maior, como 256 GB ou 1 TB, t\u00eam sido oferecidos com descontos que variam entre 30% e 45% em campanhas de Black November. J\u00e1 a vers\u00e3o topo de linha iPhone 16 Pro Max 1 TB, teve pre\u00e7os pr\u00e9-promo\u00e7\u00e3o na faixa de R$ 9.899, o que atrai compradores em busca de um de \u201cupgrade total\u201d.<\/p>\n<p data-start=\"876\" data-end=\"1379\">A procura por notebooks potentes tamb\u00e9m est\u00e1 em alta, especialmente aqueles destinados a cria\u00e7\u00e3o, design e trabalho que demanda processamento: o <strong>MacBook Pro M3<\/strong> ou vers\u00f5es equivalentes com tela de 14\u2033 ou 16\u2033 aparecem com pre\u00e7o m\u00e9dio de R$ 17.500 e descontos esperados entre 10% e 20%. Mesmo as categorias tradicionais de luxo tecnol\u00f3gico, como smart-TVs OLED ou wearables topo de linha da Apple, seguem firmes na prefer\u00eancia dos consumidores dispostos a investir em desempenho e experi\u00eancia.<\/p>\n<p data-start=\"1381\" data-end=\"1961\">Segundo consultorias de varejo que acompanham o comportamento do consumidor durante o \u201cBlack November\u201d, h\u00e1 um aumento consistente na demanda por produtos de faixa alta no segmento de tecnologia, justificando a intensa competi\u00e7\u00e3o por estoques e a r\u00e1pida liquida\u00e7\u00e3o de modelos premium. O movimento revela n\u00e3o apenas o desejo por aparelhos novos, mas uma busca crescente por qualidade, longevidade e status digital. Para muitos compradores, esta Black Friday representa a oportunidade de \u201catualizar\u201d n\u00e3o apenas dispositivos, mas estilo de vida.<\/p>\n<p>iPhone 16 Pro<\/p>\n<p>Um dos itens mais buscados do pa\u00eds. O modelo de 128 GB aparece em ofertas pr\u00f3ximas de R$ 6.997, e vers\u00f5es superiores (como 256 GB e 1 TB) j\u00e1 surgiram por valores que representam quedas de 30% a 45% no Black November. O topo de linha da Apple segue como s\u00edmbolo m\u00e1ximo de desejo e upgrade.<\/p>\n<p>iPhone 16 Pro Max 1 TB<\/p>\n<p>A vers\u00e3o mais cara e mais cobi\u00e7ada da linha, com pre\u00e7os em torno de R$ 9.899 em campanhas pr\u00e9-Black Friday e descontos estimados na casa dos 30% em compara\u00e7\u00e3o ao lan\u00e7amento. \u00c9 um produto de nicho, mas com enorme volume de busca.<\/p>\n<p>MacBook Pro M3\/M4 (14\u2033 ou 16\u2033)<\/p>\n<p>Notebooks premium continuam altamente procurados para trabalho avan\u00e7ado, cria\u00e7\u00e3o e performance gr\u00e1fica. A faixa atual gira em torno de R$ 17.500, com descontos de 10% a 20% na Black Friday nacional, principalmente via revendedores premium e importadoras.<\/p>\n<p>LG OLED G3 65\u2033<\/p>\n<p>Uma das melhores TVs vendidas no Brasil, foco de procura de consumidores que querem o \u00e1pice do cinema em casa. Os pre\u00e7os orbitam R$ 14 mil, com possibilidade de queda entre 10% e 20%. A categoria OLED premium \u00e9 tradicionalmente dominante nas buscas da Black Friday.<\/p>\n<p>Apple Watch Ultra (49 mm)<\/p>\n<p>O rel\u00f3gio esportivo mais premium da Apple \u00e9 um dos wearables mais procurados da data. Os pre\u00e7os giram entre R$ 6.500 e R$ 7.000, com descontos poss\u00edveis de 10% a 25% dependendo do estoque e dos bundles.<\/p>\n<p>Sony WH-1000XM5<\/p>\n<p>O fone premium segue entre os mais desejados. Hoje aparece por cerca de R$ 1.895, com quedas t\u00edpicas de 15% a 35% na Black Friday.<\/p>\n<p>AirPods Max<\/p>\n<p>O modelo sempre est\u00e1 entre os mais buscados. O pre\u00e7o cheio costuma ultrapassar R$ 4.000, e promo\u00e7\u00f5es variam entre 15% e 30%, principalmente em varejistas grandes.<\/p>\n<p>iPad Pro (chips M-series)<\/p>\n<p>O modelo tem vers\u00f5es que variam bastante em pre\u00e7o conforme tela e armazenamento. A m\u00e9dia gira em torno de R$ 9.000 a R$ 13.000, com descontos entre 10% e 25% na Black Friday.<\/p>\n<p>C\u00e2meras Mirrorless Full-Frame (Sony A7 IV\/V, Canon R6\/R5)<\/p>\n<p>Entre criadores de conte\u00fado, s\u00e3o os produtos mais desejados. Os valores geralmente ficam entre R$ 12.000 e R$ 25.000, dependendo do kit. Os descontos tendem a ser mais contidos: 5% a 20%.<\/p>\n<p>Smart Speakers e Sound Hubs Premium (HomePod, Sonos Arc, Sonos Beam Premium)<\/p>\n<p>A busca por \u00e1udio premium dom\u00e9stico cresceu fortemente no Brasil. A faixa de pre\u00e7o costuma ir de R$ 3.000 a R$ 10.000, com descontos estimados entre 10% e 25%.<\/p>\n<p>Leia tamb\u00e9m<\/p>\n<p>Escolhas do editor<\/p>\n<p>Siga o canal da <a href=\"https:\/\/whatsapp.com\/channel\/0029Va9gQKwBFLgM96cJnu0u\" target=\"_blank\" rel=\"noopener noreferrer nofollow\" title=\"Grupo da Forbes no WhatsApp\">Forbes<\/a> no WhatsApp e receba as principais not\u00edcias de empreendedorismo, carreira, tecnologia, agro e lifestyle.<\/p>\n","protected":false},"excerpt":{"rendered":"&#13; &#13; &#13; Acessibilidade &#13; L&#13; L&#13; A-&#13; A+&#13; &#13; \u25d0&#13; &#13; Com a Black Friday no Brasil,&hellip;\n","protected":false},"author":2,"featured_media":167956,"comment_status":"","ping_status":"","sticky":false,"template":"","format":"standard","meta":{"footnotes":""},"categories":[84],"tags":[109,107,108,32,33,105,103,104,106,110],"class_list":{"0":"post-167955","1":"post","2":"type-post","3":"status-publish","4":"format-standard","5":"has-post-thumbnail","7":"category-ciencia-e-tecnologia","8":"tag-ciencia","9":"tag-ciencia-e-tecnologia","10":"tag-cienciaetecnologia","11":"tag-portugal","12":"tag-pt","13":"tag-science","14":"tag-science-and-technology","15":"tag-scienceandtechnology","16":"tag-technology","17":"tag-tecnologia"},"share_on_mastodon":{"url":"https:\/\/pubeurope.com\/@pt\/115626396262290990","error":""},"_links":{"self":[{"href":"https:\/\/www.europesays.com\/pt\/wp-json\/wp\/v2\/posts\/167955","targetHints":{"allow":["GET"]}}],"collection":[{"href":"https:\/\/www.europesays.com\/pt\/wp-json\/wp\/v2\/posts"}],"about":[{"href":"https:\/\/www.europesays.com\/pt\/wp-json\/wp\/v2\/types\/post"}],"author":[{"embeddable":true,"href":"https:\/\/www.europesays.com\/pt\/wp-json\/wp\/v2\/users\/2"}],"replies":[{"embeddable":true,"href":"https:\/\/www.europesays.com\/pt\/wp-json\/wp\/v2\/comments?post=167955"}],"version-history":[{"count":0,"href":"https:\/\/www.europesays.com\/pt\/wp-json\/wp\/v2\/posts\/167955\/revisions"}],"wp:featuredmedia":[{"embeddable":true,"href":"https:\/\/www.europesays.com\/pt\/wp-json\/wp\/v2\/media\/167956"}],"wp:attachment":[{"href":"https:\/\/www.europesays.com\/pt\/wp-json\/wp\/v2\/media?parent=167955"}],"wp:term":[{"taxonomy":"category","embeddable":true,"href":"https:\/\/www.europesays.com\/pt\/wp-json\/wp\/v2\/categories?post=167955"},{"taxonomy":"post_tag","embeddable":true,"href":"https:\/\/www.europesays.com\/pt\/wp-json\/wp\/v2\/tags?post=167955"}],"curies":[{"name":"wp","href":"https:\/\/api.w.org\/{rel}","templated":true}]}}