{"id":167961,"date":"2025-11-28T08:39:11","date_gmt":"2025-11-28T08:39:11","guid":{"rendered":"https:\/\/www.europesays.com\/pt\/167961\/"},"modified":"2025-11-28T08:39:11","modified_gmt":"2025-11-28T08:39:11","slug":"rtp-vence-tres-premios-gazeta-rtp","status":"publish","type":"post","link":"https:\/\/www.europesays.com\/pt\/167961\/","title":{"rendered":"RTP vence tr\u00eas Pr\u00e9mios Gazeta &#8211; RTP"},"content":{"rendered":"<ol>\n<li><a href=\"https:\/\/news.google.com\/rss\/articles\/CBMie0FVX3lxTFBBUlhTNlVpM05KU2lQaDhvN3JiTHRDS1N6TE9LU1RrdHpLLUFndkctYmdyS0FhLThIRlFSdlZKdlM1MjZ1N053LXYtYjhTQWdnejNLM1Zxc2lqYThWRVFZUHZETTVqYWx1T25jVnhveTVzS2ZOTWtaX2Nuaw?oc=5\" target=\"_blank\" rel=\"nofollow noopener\">RTP vence tr\u00eas Pr\u00e9mios Gazeta<\/a>&nbsp;&nbsp;RTP<\/li>\n<li><a href=\"https:\/\/news.google.com\/rss\/articles\/CBMiwAFBVV95cUxOejA2X1l5RWgzT3M5OTZZX2stNjJCdW95ZlRUMjBwbXN3c1l6d04yRjU4SGVvM1EtS2l0Sm1TdHU0QTd0dlVxeXRlTTRXOE5XamtkZ2tmenBsOGE3c2k0SFhHbDZTd3dIS01wazJOa04yak1KZmJuWjJkWmo2ejNtaXVOTEc2WVM5QWZrVEtqWkpjclhzZlNkdldGOUZmamtKbHNleTlTcmY1dUZVOTRXMUJZajRkRU8tTUxobU14aDXSAcYBQVVfeXFMUGUyUzRjVlN1SE1HLVN0MlVCUUtJS2NyLWxleFROQW9UWGh6Ujg3cU1zTXJjeDRJb1BtY0R0dXNEdDZiWXY3ZVd2RWxqWmpsak01NnY3azJLYVVncmhkU2hrSEduaWN1MTVUQW1vRWFFWUNtV3JKcmhxZmV3aUhOZzJ0XzA5RFhSZ0w5a1U2NFJhOThFUnpSNlhtaXJVOGVfcUxXZExLWm5lWEN0UERvSHhkMlpnOEt5U1UxYk1YcHJLaFRJbWlR?oc=5\" target=\"_blank\" rel=\"nofollow noopener\">Ap\u00f3s golpe, militares de Guin\u00e9-Bissau empossam general como l\u00edder interino<\/a>&nbsp;&nbsp;Folha de S.Paulo<\/li>\n<li><a href=\"https:\/\/news.google.com\/rss\/articles\/CBMiswFBVV95cUxPUEtUamk4Xy1Bem9rZmpJVmZ3cWNocXJ6cmkzamZOWFhiZjBZN3J6aVdUbm1RR3NfUWZnSkNfc0FpNWdDU2MyWm9LMUZQNTIyRWlmR2hIT3RjTnRYR182anhpRTJyclpfR0FqSVNLQ2Jic1NPZTZnR3p4OEtvZEc0VmsyNlpOak91VFFKcy1jWExPYS02NlFjY2xYbk9SdkJyRm1iYnhKX1BwTm1nUGZnS3VuQdIBwgFBVV95cUxPNVRvdHdybzlHMU1RSzFRMDczM0pBNEZkTl9JLTROelU2MmNrWFBmLXJyQ1k3M1lBYURHSVJEamUwQVhLNmJ1bWx6V2dnVHRVUTBkS2RyWnV6TzFUM3RvRDdlRnJIR3U3b1MzMV82SVYyaG9xSFl4N3hEV0lpbnIzZ1pnTFFQSUQtUG4tS1N2UVpITUs2SEdjS1F5REpiUkVTT2FUV041aC1IY0UtM3RIa201Y2prREo2NWw3Wl9GU2N3Zw?oc=5\" target=\"_blank\" rel=\"nofollow noopener\">General assume presid\u00eancia da Guin\u00e9-Bissau ap\u00f3s golpe militar<\/a>&nbsp;&nbsp;Valor Econ\u00f4mico<\/li>\n<li><a href=\"https:\/\/news.google.com\/rss\/articles\/CBMinAJBVV95cUxNeFN1bS1ONDNlc3dybEFpMncxNW80VmxoOExlT0xIT2NIVFlIMnpvb0MzbDE5Z09DeDNYQ19IQ1haVTBIbjF0VExNbTQ3MTk5SXQxei1Gek94THlUanZDVEpuZFA4Yllib2tZbXVGWlRwZndzWFZiUWlLbHRUZGpWZzhRZHU4MmhFNTNiVzNiOGhBSXhLaHM4VTJlRjd2TmF0M2tZQy1NWFdHZnRfd25JWVVPU2NPQnl0WUF1UVJnWVh3R3owX3VYUEU4ZU9mdm15c19hd0dBWk9zakFpNG00WnlSTl9CV3RsNHRJQUw5VEhtNVA2RE5pVkJ4QWlZaUJBa0JQT2JveFJFUU9OMzRBM3phTVlFTVZPT09xNA?oc=5\" target=\"_blank\" rel=\"nofollow noopener\">General Horta N&#8217;Tam \u00e9 empossado e ser\u00e1 presidente do governo de transi\u00e7\u00e3o por um ano na Guin\u00e9-Bissau<\/a>&nbsp;&nbsp;Terra<\/li>\n<li><a href=\"https:\/\/news.google.com\/rss\/articles\/CBMivgFBVV95cUxOQTJESHc5ZjVBTjR5blpjTEVCTlpMZ2J6SXMteExHcnpCQXhoeVcyRUpCNzBYMlluWGlhWmdEWEs3VVlBbGhjVlRoTnphMC1tOG41b0V5bDNhRHZKQ1hXbXVqbkVGOU1LdTNZa0JJaXFTSjlFVVhVTzAzVW5iQ3pBOURpdzFSQ0wyMDZReEo3bHp2cDAxRU5IdjJNYUpKX09MNmxHemN3enhWOFpyN3VfdFJoUkhIbVdrbWkxYTlB?oc=5\" target=\"_blank\" rel=\"nofollow noopener\">Militares tomam \u2018controle total\u2019 de Guin\u00e9-Bissau e \u2018suspendem\u2019 processo eleitoral<\/a>&nbsp;&nbsp;Jovem Pan<\/li>\n<\/ol>\n","protected":false},"excerpt":{"rendered":"RTP vence tr\u00eas Pr\u00e9mios Gazeta&nbsp;&nbsp;RTP Ap\u00f3s golpe, militares de Guin\u00e9-Bissau empossam general como l\u00edder interino&nbsp;&nbsp;Folha de S.Paulo General&hellip;\n","protected":false},"author":2,"featured_media":167962,"comment_status":"","ping_status":"","sticky":false,"template":"","format":"standard","meta":{"footnotes":""},"categories":[142],"tags":[114,115,13,32,33,420,421,151],"class_list":{"0":"post-167961","1":"post","2":"type-post","3":"status-publish","4":"format-standard","5":"has-post-thumbnail","7":"category-tv","8":"tag-entertainment","9":"tag-entretenimento","10":"tag-noticias","11":"tag-portugal","12":"tag-pt","13":"tag-rtp","14":"tag-rtp-noticias","15":"tag-tv"},"share_on_mastodon":{"url":"https:\/\/pubeurope.com\/@pt\/115626427237694759","error":""},"_links":{"self":[{"href":"https:\/\/www.europesays.com\/pt\/wp-json\/wp\/v2\/posts\/167961","targetHints":{"allow":["GET"]}}],"collection":[{"href":"https:\/\/www.europesays.com\/pt\/wp-json\/wp\/v2\/posts"}],"about":[{"href":"https:\/\/www.europesays.com\/pt\/wp-json\/wp\/v2\/types\/post"}],"author":[{"embeddable":true,"href":"https:\/\/www.europesays.com\/pt\/wp-json\/wp\/v2\/users\/2"}],"replies":[{"embeddable":true,"href":"https:\/\/www.europesays.com\/pt\/wp-json\/wp\/v2\/comments?post=167961"}],"version-history":[{"count":0,"href":"https:\/\/www.europesays.com\/pt\/wp-json\/wp\/v2\/posts\/167961\/revisions"}],"wp:featuredmedia":[{"embeddable":true,"href":"https:\/\/www.europesays.com\/pt\/wp-json\/wp\/v2\/media\/167962"}],"wp:attachment":[{"href":"https:\/\/www.europesays.com\/pt\/wp-json\/wp\/v2\/media?parent=167961"}],"wp:term":[{"taxonomy":"category","embeddable":true,"href":"https:\/\/www.europesays.com\/pt\/wp-json\/wp\/v2\/categories?post=167961"},{"taxonomy":"post_tag","embeddable":true,"href":"https:\/\/www.europesays.com\/pt\/wp-json\/wp\/v2\/tags?post=167961"}],"curies":[{"name":"wp","href":"https:\/\/api.w.org\/{rel}","templated":true}]}}