{"id":168006,"date":"2025-11-28T09:35:07","date_gmt":"2025-11-28T09:35:07","guid":{"rendered":"https:\/\/www.europesays.com\/pt\/168006\/"},"modified":"2025-11-28T09:35:07","modified_gmt":"2025-11-28T09:35:07","slug":"irma-de-georgina-rodriguez-e-estrela-de-famoso-reality-show","status":"publish","type":"post","link":"https:\/\/www.europesays.com\/pt\/168006\/","title":{"rendered":"Irm\u00e3 de Georgina Rodr\u00edguez \u00e9 estrela de famoso reality show"},"content":{"rendered":"<p>Foi revelado que Ivana Rodr\u00edguez, irm\u00e3 mais nova de <a href=\"https:\/\/selfie.iol.pt\/famosos\/cristiano-ronaldo\/revelado-o-local-do-casamento-de-cristiano-ronaldo-e-georgina-rodriguez\/20251124\/692496b4d34e2bd5c6d45b6c\" target=\"_blank\" rel=\"nofollow noopener\">Georgina Rodr\u00edguez<\/a>, vai entrar no reality show &#8220;Top Chef&#8221;, em Espanha.<\/p>\n<p>No V+ Fama, Adriano Silva Martins e os comentadores Ant\u00f3nio Leal e Silva, Pimpinha Jardim e Pedro Capit\u00e3o comentaram o tema e elogiaram a escolha.<\/p>\n<p>A entrada de Ivana Rodr\u00edguez no programa gerou burburinho e a participa\u00e7\u00e3o da cunhada de Cristiano Ronaldo promete trazer mais audi\u00eancias ao formato.<\/p>\n<p>Veja, agora, o v\u00eddeo com os coment\u00e1rios no programa &#8220;V+ Fama&#8221;.<\/p>\n","protected":false},"excerpt":{"rendered":"Foi revelado que Ivana Rodr\u00edguez, irm\u00e3 mais nova de Georgina Rodr\u00edguez, vai entrar no reality show &#8220;Top Chef&#8221;,&hellip;\n","protected":false},"author":2,"featured_media":168007,"comment_status":"","ping_status":"","sticky":false,"template":"","format":"standard","meta":{"footnotes":""},"categories":[142],"tags":[114,115,640,980,3509,82,34697,32,33,1012,35306,151,6972,8560],"class_list":{"0":"post-168006","1":"post","2":"type-post","3":"status-publish","4":"format-standard","5":"has-post-thumbnail","7":"category-tv","8":"tag-entertainment","9":"tag-entretenimento","10":"tag-espanha","11":"tag-famosos","12":"tag-georgina-rodriguez","13":"tag-internacional","14":"tag-ivana-rodriguez","15":"tag-portugal","16":"tag-pt","17":"tag-selfie","18":"tag-top-chef","19":"tag-tv","20":"tag-vmais","21":"tag-vmais-fama"},"share_on_mastodon":{"url":"https:\/\/pubeurope.com\/@pt\/115626647446423670","error":""},"_links":{"self":[{"href":"https:\/\/www.europesays.com\/pt\/wp-json\/wp\/v2\/posts\/168006","targetHints":{"allow":["GET"]}}],"collection":[{"href":"https:\/\/www.europesays.com\/pt\/wp-json\/wp\/v2\/posts"}],"about":[{"href":"https:\/\/www.europesays.com\/pt\/wp-json\/wp\/v2\/types\/post"}],"author":[{"embeddable":true,"href":"https:\/\/www.europesays.com\/pt\/wp-json\/wp\/v2\/users\/2"}],"replies":[{"embeddable":true,"href":"https:\/\/www.europesays.com\/pt\/wp-json\/wp\/v2\/comments?post=168006"}],"version-history":[{"count":0,"href":"https:\/\/www.europesays.com\/pt\/wp-json\/wp\/v2\/posts\/168006\/revisions"}],"wp:featuredmedia":[{"embeddable":true,"href":"https:\/\/www.europesays.com\/pt\/wp-json\/wp\/v2\/media\/168007"}],"wp:attachment":[{"href":"https:\/\/www.europesays.com\/pt\/wp-json\/wp\/v2\/media?parent=168006"}],"wp:term":[{"taxonomy":"category","embeddable":true,"href":"https:\/\/www.europesays.com\/pt\/wp-json\/wp\/v2\/categories?post=168006"},{"taxonomy":"post_tag","embeddable":true,"href":"https:\/\/www.europesays.com\/pt\/wp-json\/wp\/v2\/tags?post=168006"}],"curies":[{"name":"wp","href":"https:\/\/api.w.org\/{rel}","templated":true}]}}