{"id":168008,"date":"2025-11-28T09:39:15","date_gmt":"2025-11-28T09:39:15","guid":{"rendered":"https:\/\/www.europesays.com\/pt\/168008\/"},"modified":"2025-11-28T09:39:15","modified_gmt":"2025-11-28T09:39:15","slug":"ponto-final-sem-fronteiras-para-a-telecirurgia-robotica-revista-inovacao","status":"publish","type":"post","link":"https:\/\/www.europesays.com\/pt\/168008\/","title":{"rendered":"Ponto final: Sem fronteiras para a telecirurgia rob\u00f3tica | Revista Inova\u00e7\u00e3o"},"content":{"rendered":"\n<p class=\" content-text__container theme-color-primary-first-letter\" data-track-category=\"Link no Texto\" data-track-links=\"\"> De S\u00e3o Paulo, o <strong>urologista Rafael Coelho<\/strong>, do <strong>Hospital Nove de Julho<\/strong>, opera um paciente do <strong>Hospital M\u00e3e de Deus<\/strong>, em <strong>Porto Alegre<\/strong>, para trat\u00e1-lo de um <strong>c\u00e2ncer <\/strong>de pr\u00f3stata. <\/p>\n<p class=\" content-text__container \" data-track-category=\"Link no Texto\" data-track-links=\"\"> Realizada em outubro, a opera\u00e7\u00e3o foi a <strong>primeira telecirurgia rob\u00f3tica <\/strong>n\u00e3o experimental da <strong>Am\u00e9rica Latina<\/strong>. <\/p>\n<p class=\" content-text__container \" data-track-category=\"Link no Texto\" data-track-links=\"\"> O futuro aponta para a ado\u00e7\u00e3o desse tipo de procedimento, feito a dist\u00e2ncia e com o utiliza\u00e7\u00e3o de rob\u00f4s, em especialidades m\u00e9dicas como <strong>ginecologia <\/strong>e <strong>gastroenterologia<\/strong>. <\/p>\n","protected":false},"excerpt":{"rendered":"De S\u00e3o Paulo, o urologista Rafael Coelho, do Hospital Nove de Julho, opera um paciente do Hospital M\u00e3e&hellip;\n","protected":false},"author":2,"featured_media":168009,"comment_status":"","ping_status":"","sticky":false,"template":"","format":"standard","meta":{"footnotes":""},"categories":[86],"tags":[1028,1776,116,35307,32,33,11874,117],"class_list":{"0":"post-168008","1":"post","2":"type-post","3":"status-publish","4":"format-standard","5":"has-post-thumbnail","7":"category-saude","8":"tag-america-latina","9":"tag-cancer","10":"tag-health","11":"tag-impar-servicos-hospitalares","12":"tag-portugal","13":"tag-pt","14":"tag-robotica","15":"tag-saude"},"share_on_mastodon":{"url":"https:\/\/pubeurope.com\/@pt\/115626663170109567","error":""},"_links":{"self":[{"href":"https:\/\/www.europesays.com\/pt\/wp-json\/wp\/v2\/posts\/168008","targetHints":{"allow":["GET"]}}],"collection":[{"href":"https:\/\/www.europesays.com\/pt\/wp-json\/wp\/v2\/posts"}],"about":[{"href":"https:\/\/www.europesays.com\/pt\/wp-json\/wp\/v2\/types\/post"}],"author":[{"embeddable":true,"href":"https:\/\/www.europesays.com\/pt\/wp-json\/wp\/v2\/users\/2"}],"replies":[{"embeddable":true,"href":"https:\/\/www.europesays.com\/pt\/wp-json\/wp\/v2\/comments?post=168008"}],"version-history":[{"count":0,"href":"https:\/\/www.europesays.com\/pt\/wp-json\/wp\/v2\/posts\/168008\/revisions"}],"wp:featuredmedia":[{"embeddable":true,"href":"https:\/\/www.europesays.com\/pt\/wp-json\/wp\/v2\/media\/168009"}],"wp:attachment":[{"href":"https:\/\/www.europesays.com\/pt\/wp-json\/wp\/v2\/media?parent=168008"}],"wp:term":[{"taxonomy":"category","embeddable":true,"href":"https:\/\/www.europesays.com\/pt\/wp-json\/wp\/v2\/categories?post=168008"},{"taxonomy":"post_tag","embeddable":true,"href":"https:\/\/www.europesays.com\/pt\/wp-json\/wp\/v2\/tags?post=168008"}],"curies":[{"name":"wp","href":"https:\/\/api.w.org\/{rel}","templated":true}]}}